{"id":895,"global_id":"eaf-pfalz.de?id=895","global_id_lineage":["eaf-pfalz.de?id=895"],"author":"1","status":"publish","date":"2026-02-23 11:03:37","date_utc":"2026-02-23 11:03:37","modified":"2026-02-23 11:21:38","modified_utc":"2026-02-23 11:21:38","url":"https:\/\/eaf-pfalz.de\/?tribe_events=unterwegs-mit-kind-und-kegel-klimagerechte-mobilitaet-fuer-familien","rest_url":"https:\/\/eaf-pfalz.de\/index.php?rest_route=\/tribe\/events\/v1\/events\/895","title":"Unterwegs mit Kind und Kegel: Klimagerechte Mobilit\u00e4t f\u00fcr Familien","description":"<p>Gemeinsame Online-Gespr\u00e4chsreihe von eaf und Familienbund<br \/>\n\u201e<strong>Gutes Klima f\u00fcr Familien: Wie gestalten wir eine familiengerechte und soziale Klimawende?\u201c<\/strong><\/p>\n<p><strong>12. M\u00e4rz 2026, 11:00-12:30 Uhr<\/strong><\/p>\n<p>Als Einstieg in das Thema wird uns<strong> Nils L\u00f6ster (Referent Verkehrspolitik, NABU) <\/strong>die Arbeit des \u201eB\u00fcndnisses sozialvertr\u00e4gliche Mobilit\u00e4tswende\u201c vorstellen und <strong>Alexander Kaas Elias (Sprecher f\u00fcr Bahn, \u00d6PNV und Multimodalit\u00e4t, VCD Verkehrsclub Deutschland e.V.) <\/strong>erg\u00e4nzt mit praktischen Impulsen und Ideen des VCD f\u00fcr klimagerechte Mobilit\u00e4t von Familien.<\/p>\n<p>Wir m\u00f6chte mit Ihnen und euch unter anderem folgende Fragen diskutieren:<\/p>\n<ul>\n<li>Wie sind Haushalte und Familien aktuell in Deutschland unterwegs? Und was muss sich beim Verkehr \u00e4ndern?<\/li>\n<li>Wie kann Familien die Nutzung nachhaltiger Verkehrsmittel erleichtert werden und was macht insbesondere den \u00d6PNV f\u00fcr Familien attraktiv?<\/li>\n<li>Welche unterschiedlichen L\u00f6sungen braucht es in Stadt und Land? Welchen Stellenwert wollen wir k\u00fcnftig dem Individualverkehr geben, auf den bisher viele Familien angewiesen sind?<\/li>\n<li>Wie k\u00f6nnen Mobilit\u00e4t und familienrelevante Infrastruktur wie Schulen, Kitas, Wohnen, Arbeiten und Einkaufen zusammengedacht werden?<\/li>\n<\/ul>\n<p>Die Veranstaltung ist kostenfrei.<\/p>\n<p><a href=\"https:\/\/www.eaf-bund.de\/service\/veranstaltungen\/2026-03-12-unterwegs-mit-kind-und-kegel-klimagerechte-mobilitaet-fuer\"><strong>ZUR ANMELDUNG<\/strong><\/a><\/p>\n<p><strong>Hinweis<\/strong>: Unsere Online-Veranstaltungen finden unter Verwendung des Videokonferenz-Tools \u201eZoom\u201c statt.<br \/>\nBitte beachten Sie unsere\u00a0<a href=\"https:\/\/www.eaf-bund.de\/node\/916\">Datenschutzerkl\u00e4rung zur Verwendung von Zoom<\/a>.<\/p>","excerpt":"","slug":"unterwegs-mit-kind-und-kegel-klimagerechte-mobilitaet-fuer-familien","image":{"url":"https:\/\/eaf-pfalz.de\/wp-content\/uploads\/2025\/06\/grafik-1.png","id":847,"extension":"png","width":600,"height":338,"filesize":340976,"sizes":{"medium":{"width":300,"height":169,"mime-type":"image\/png","filesize":96144,"url":"https:\/\/eaf-pfalz.de\/wp-content\/uploads\/2025\/06\/grafik-1-300x169.png"},"thumbnail":{"width":150,"height":150,"mime-type":"image\/png","filesize":46845,"url":"https:\/\/eaf-pfalz.de\/wp-content\/uploads\/2025\/06\/grafik-1-150x150.png"},"colormag-highlighted-post":{"width":392,"height":272,"mime-type":"image\/png","filesize":178965,"url":"https:\/\/eaf-pfalz.de\/wp-content\/uploads\/2025\/06\/grafik-1-392x272.png"},"colormag-featured-post-medium":{"width":390,"height":205,"mime-type":"image\/png","filesize":138862,"url":"https:\/\/eaf-pfalz.de\/wp-content\/uploads\/2025\/06\/grafik-1-390x205.png"},"colormag-featured-post-small":{"width":130,"height":90,"mime-type":"image\/png","filesize":27781,"url":"https:\/\/eaf-pfalz.de\/wp-content\/uploads\/2025\/06\/grafik-1-130x90.png"},"colormag-default-news":{"width":150,"height":150,"mime-type":"image\/png","filesize":46845,"url":"https:\/\/eaf-pfalz.de\/wp-content\/uploads\/2025\/06\/grafik-1-150x150.png"}}},"all_day":false,"start_date":"2026-02-23 08:00:00","start_date_details":{"year":"2026","month":"02","day":"23","hour":"08","minutes":"00","seconds":"00"},"end_date":"2026-02-23 17:00:00","end_date_details":{"year":"2026","month":"02","day":"23","hour":"17","minutes":"00","seconds":"00"},"utc_start_date":"2026-02-23 08:00:00","utc_start_date_details":{"year":"2026","month":"02","day":"23","hour":"08","minutes":"00","seconds":"00"},"utc_end_date":"2026-02-23 17:00:00","utc_end_date_details":{"year":"2026","month":"02","day":"23","hour":"17","minutes":"00","seconds":"00"},"timezone":"UTC+0","timezone_abbr":"UTC+0","cost":"","cost_details":{"currency_symbol":"$","currency_code":"USD","currency_position":"prefix","values":[]},"website":"","show_map":true,"show_map_link":true,"hide_from_listings":false,"sticky":true,"featured":false,"categories":[],"tags":[{"name":"Familie","slug":"familie","term_group":0,"term_taxonomy_id":10,"taxonomy":"post_tag","description":"","parent":0,"count":13,"filter":"raw","id":10,"urls":{"self":"https:\/\/eaf-pfalz.de\/index.php?rest_route=\/tribe\/events\/v1\/tags\/10","collection":"https:\/\/eaf-pfalz.de\/index.php?rest_route=\/tribe\/events\/v1\/tags"}},{"name":"Kinder","slug":"kinder","term_group":0,"term_taxonomy_id":19,"taxonomy":"post_tag","description":"","parent":0,"count":6,"filter":"raw","id":19,"urls":{"self":"https:\/\/eaf-pfalz.de\/index.php?rest_route=\/tribe\/events\/v1\/tags\/19","collection":"https:\/\/eaf-pfalz.de\/index.php?rest_route=\/tribe\/events\/v1\/tags"}},{"name":"Klimaschutz","slug":"klimaschutz","term_group":0,"term_taxonomy_id":82,"taxonomy":"post_tag","description":"","parent":0,"count":2,"filter":"raw","id":82,"urls":{"self":"https:\/\/eaf-pfalz.de\/index.php?rest_route=\/tribe\/events\/v1\/tags\/82","collection":"https:\/\/eaf-pfalz.de\/index.php?rest_route=\/tribe\/events\/v1\/tags"}},{"name":"Online","slug":"online","term_group":0,"term_taxonomy_id":16,"taxonomy":"post_tag","description":"","parent":0,"count":8,"filter":"raw","id":16,"urls":{"self":"https:\/\/eaf-pfalz.de\/index.php?rest_route=\/tribe\/events\/v1\/tags\/16","collection":"https:\/\/eaf-pfalz.de\/index.php?rest_route=\/tribe\/events\/v1\/tags"}},{"name":"Veranstaltung","slug":"veranstaltung","term_group":0,"term_taxonomy_id":29,"taxonomy":"post_tag","description":"","parent":0,"count":2,"filter":"raw","id":29,"urls":{"self":"https:\/\/eaf-pfalz.de\/index.php?rest_route=\/tribe\/events\/v1\/tags\/29","collection":"https:\/\/eaf-pfalz.de\/index.php?rest_route=\/tribe\/events\/v1\/tags"}},{"name":"Workshop","slug":"workshop","term_group":0,"term_taxonomy_id":21,"taxonomy":"post_tag","description":"","parent":0,"count":5,"filter":"raw","id":21,"urls":{"self":"https:\/\/eaf-pfalz.de\/index.php?rest_route=\/tribe\/events\/v1\/tags\/21","collection":"https:\/\/eaf-pfalz.de\/index.php?rest_route=\/tribe\/events\/v1\/tags"}}],"venue":[],"organizer":[],"custom_fields":[],"json_ld":{"@context":"http:\/\/schema.org","@type":"Event","name":"Unterwegs mit Kind und Kegel: Klimagerechte Mobilit\u00e4t f\u00fcr Familien","description":"&lt;p&gt;Gemeinsame Online-Gespr\u00e4chsreihe von eaf und Familienbund \u201eGutes Klima f\u00fcr Familien: Wie gestalten wir eine familiengerechte und soziale Klimawende?\u201c 12. M\u00e4rz&lt;\/p&gt;\\n","image":"https:\/\/eaf-pfalz.de\/wp-content\/uploads\/2025\/06\/grafik-1.png","url":"https:\/\/eaf-pfalz.de\/?tribe_events=unterwegs-mit-kind-und-kegel-klimagerechte-mobilitaet-fuer-familien","eventAttendanceMode":"https:\/\/schema.org\/OfflineEventAttendanceMode","eventStatus":"https:\/\/schema.org\/EventScheduled","startDate":"2026-02-23T08:00:00+00:00","endDate":"2026-02-23T17:00:00+00:00","performer":"Organization"}}