{"id":103,"date":"2022-06-08T19:28:49","date_gmt":"2022-06-08T19:28:49","guid":{"rendered":"https:\/\/eaf-pfalz.de\/?p=103"},"modified":"2022-06-08T19:42:06","modified_gmt":"2022-06-08T19:42:06","slug":"familienleben-in-der-digitalen-welt","status":"publish","type":"post","link":"https:\/\/eaf-pfalz.de\/?p=103","title":{"rendered":"Familie(n)leben in der digitalen Welt"},"content":{"rendered":"\n<figure class=\"wp-block-image alignleft size-large is-resized\"><img loading=\"lazy\" decoding=\"async\" src=\"https:\/\/eaf-pfalz.de\/wp-content\/uploads\/2022\/06\/grafik-edited.png\" alt=\"\" class=\"wp-image-107\" width=\"338\" height=\"190\" srcset=\"https:\/\/eaf-pfalz.de\/wp-content\/uploads\/2022\/06\/grafik-edited.png 849w, https:\/\/eaf-pfalz.de\/wp-content\/uploads\/2022\/06\/grafik-edited-300x169.png 300w, https:\/\/eaf-pfalz.de\/wp-content\/uploads\/2022\/06\/grafik-edited-768x432.png 768w\" sizes=\"auto, (max-width: 338px) 100vw, 338px\" \/><\/figure>\n\n\n\n<p><strong>15. Juni 2022,&nbsp;19.30 &#8211; 21.30 Uhr<\/strong><br><strong>ab 19:00 Uhr: Check-in auf der Videoplattform Zoom<\/strong><\/p>\n\n\n\n<p>Die digitale Welt durch die sich heute Erwachsene wie Kinder tagt\u00e4glich bewegen, zeichnet sich durch st\u00e4ndige Ver\u00e4nderung aus. Mit ihren Trends und Entwicklungen Schritt zu halten ist schwierig, ganz besonders, wenn man nicht nur die f\u00fcr die eigene Lebenswelt bedeutsamen Neuigkeiten verfolgen m\u00f6chte, sondern gleichzeitig den Kontakt zu von Kindern genutzten Medien bewahren will. In dem Vortrag von Felicitas Auersperg-Pieber, Psychologin aus Wien, kommen aktuelle Nutzungspraktiken zwar zur Sprache, im Vordergrund stehen aber nicht die aktuellen Tik-Tok Trends, sondern wissenschaftliche Erkenntnisse, die dabei helfen k\u00f6nnen, auch bei \u201ethe next big thing\u201c einen k\u00fchlen Kopf und Medienkompetenz zu bewahren. Gem\u00e4\u00df dem Buchtitel <strong>Chancen und Risiken digitaler Medien f\u00fcr Kinder und Jugendliche (Eichenberg &amp; Auersperg)<\/strong> stellt die Autorin anhand von Fallbeispielen Potentiale und Probleme digitaler Medien f\u00fcr Familien vor.<\/p>\n\n\n\n<p><strong>Referentin<\/strong><br>Felicitas Auersperg-Pieber, Sigmund Freud PrivatUniversit\u00e4t Wien<\/p>\n\n\n\n<h3 class=\"wp-block-heading\"><strong>Teilnahme und Anmeldung<\/strong><\/h3>\n\n\n\n<ul class=\"wp-block-list\"><li>Teilnahmegeb\u00fchr f\u00fcr Mitglieder im Forum Familienbildung: 10,00 \u20ac pro Person<\/li><li>Teilnahmegeb\u00fchr f\u00fcr Nichtmitglieder: 20,00 \u20ac pro Person<\/li><li>F\u00fcr die Teilnahme ist eine verbindliche Anmeldung zum Kurs notwendig.<\/li><li>Anmeldeschluss: 8. Juni 2022<\/li><\/ul>\n\n\n\n<p>Bitte beachten Sie unsere <a href=\"https:\/\/www.eaf-bund.de\/ueber-uns\/agbs\">Stornierungsbedingungen<\/a>.<\/p>\n\n\n\n<p>Nach der Anmeldung erhalten Sie eine Einladung zum Workshop mit den notwendigen Zugangsdaten.<br><strong>Hinweis<\/strong>: Unsere Online-Veranstaltungen finden unter Verwendung des Videokonferenz-Tools \u201eZoom\u201c statt. W\u00e4hrend der Veranstaltung werden Sie gebeten, ihren Klarnamen anzugeben. Zur Dokumentation der Teilnehmenden gegen\u00fcber unseren Zuwendungsgebern speichern wir w\u00e4hrend der Veranstaltung die so entstehende Teilnehmendenliste mittles Screenshot. Ihr Teilnehmendendaten werden ausschlie\u00dflich zu diesem Zweck gespeichert und weitergegeben.<\/p>\n\n\n\n<p><\/p>\n\n\n\n<h4 class=\"wp-block-heading\"><a href=\"https:\/\/www.eaf-bund.de\/sites\/default\/files\/2022-04\/220615_Anmeldung_O-2_2_Auersperg.pdf\" target=\"_blank\" rel=\"noreferrer noopener\">Anmeldeformular<\/a><\/h4>\n\n\n\n<p><a href=\"https:\/\/www.eaf-bund.de\/sites\/default\/files\/2022-04\/220615_Anmeldung_O-2_2_Auersperg.pdf\" target=\"_blank\" rel=\"noreferrer noopener\">Kurs O-2\/2: Familie(n)leben in der digitalen Welt Herunterladen<\/a><\/p>\n\n\n\n<h4 class=\"wp-block-heading\">Technische Grundvoraussetzungen f\u00fcr die Teilnahme<\/h4>\n\n\n\n<ul class=\"wp-block-list\"><li>Stabile Internetverbindung<\/li><li>Browsernutzung: am besten Firefox oder Chrome<\/li><li>Computer oder Laptop, mobile Ger\u00e4te wie Smartphone oder Tablet sind nicht zu empfehlen<\/li><li>(USB-) Headset empfehlenswert<\/li><li>interne oder gegebenenfalls externe Webcam<\/li><\/ul>\n\n\n\n<p><strong>Empfehlung<\/strong>: Laden Sie sich vorab die Zoom Anwendung unter <a target=\"_blank\" href=\"https:\/\/zoom.us\/de-de\/zoomrooms\/software.html\" rel=\"noreferrer noopener\">https:\/\/zoom.us\/de-de\/zoomrooms\/software.html<\/a> herunter.<\/p>\n\n\n\n<p>Bitte beachten Sie unsere&nbsp;<a href=\"https:\/\/www.eaf-bund.de\/publication\/sonstiges\/2020-04\/zoom-datenschutzhinweis\">Datenschutzerkl\u00e4rung zur Verwendung von Zoom<\/a>.<\/p>\n","protected":false},"excerpt":{"rendered":"<p>15. Juni 2022,&nbsp;19.30 &#8211; 21.30 Uhrab 19:00 Uhr: Check-in auf der Videoplattform Zoom Die digitale Welt durch die sich heute<\/p>\n","protected":false},"author":1,"featured_media":107,"comment_status":"closed","ping_status":"open","sticky":false,"template":"","format":"standard","meta":{"colormag_page_container_layout":"default_layout","colormag_page_sidebar_layout":"default_layout","footnotes":""},"categories":[13,6,7],"tags":[12,10,11],"class_list":["post-103","post","type-post","status-publish","format-standard","has-post-thumbnail","hentry","category-digital","category-eaf-bund","category-veranstaltung","tag-digital","tag-familie","tag-leben"],"_links":{"self":[{"href":"https:\/\/eaf-pfalz.de\/index.php?rest_route=\/wp\/v2\/posts\/103","targetHints":{"allow":["GET"]}}],"collection":[{"href":"https:\/\/eaf-pfalz.de\/index.php?rest_route=\/wp\/v2\/posts"}],"about":[{"href":"https:\/\/eaf-pfalz.de\/index.php?rest_route=\/wp\/v2\/types\/post"}],"author":[{"embeddable":true,"href":"https:\/\/eaf-pfalz.de\/index.php?rest_route=\/wp\/v2\/users\/1"}],"replies":[{"embeddable":true,"href":"https:\/\/eaf-pfalz.de\/index.php?rest_route=%2Fwp%2Fv2%2Fcomments&post=103"}],"version-history":[{"count":4,"href":"https:\/\/eaf-pfalz.de\/index.php?rest_route=\/wp\/v2\/posts\/103\/revisions"}],"predecessor-version":[{"id":109,"href":"https:\/\/eaf-pfalz.de\/index.php?rest_route=\/wp\/v2\/posts\/103\/revisions\/109"}],"wp:featuredmedia":[{"embeddable":true,"href":"https:\/\/eaf-pfalz.de\/index.php?rest_route=\/wp\/v2\/media\/107"}],"wp:attachment":[{"href":"https:\/\/eaf-pfalz.de\/index.php?rest_route=%2Fwp%2Fv2%2Fmedia&parent=103"}],"wp:term":[{"taxonomy":"category","embeddable":true,"href":"https:\/\/eaf-pfalz.de\/index.php?rest_route=%2Fwp%2Fv2%2Fcategories&post=103"},{"taxonomy":"post_tag","embeddable":true,"href":"https:\/\/eaf-pfalz.de\/index.php?rest_route=%2Fwp%2Fv2%2Ftags&post=103"}],"curies":[{"name":"wp","href":"https:\/\/api.w.org\/{rel}","templated":true}]}}