{"id":117,"date":"2022-06-08T19:53:42","date_gmt":"2022-06-08T19:53:42","guid":{"rendered":"https:\/\/eaf-pfalz.de\/?p=117"},"modified":"2022-07-08T23:07:27","modified_gmt":"2022-07-08T23:07:27","slug":"info-nachmittag-gottesdienste-mit-kindern-und-familien-digital-feiern","status":"publish","type":"post","link":"https:\/\/eaf-pfalz.de\/?p=117","title":{"rendered":"Info-Nachmittag: Gottesdienste mit Kindern und Familien digital feiern"},"content":{"rendered":"\n<p><strong>15. Juni 2022, 14.00 bis 15.00 Uhr<\/strong><\/p>\n\n\n\n<figure class=\"wp-block-image alignleft is-resized\"><img loading=\"lazy\" decoding=\"async\" src=\"https:\/\/kirchendigital.de\/wp-content\/uploads\/2022\/02\/baby-shoes_c_Matthias_Suckau_pixabay_800.jpg\" alt=\"Ein Paar Babyschuhe\" width=\"311\" height=\"195\"\/><figcaption>\u00a9 Matthias Suckau \/ pixabay<\/figcaption><\/figure>\n\n\n\n<p><em>Das Wesentliche ist f\u00fcr die Augen unsichtbar.\u2033 <\/em>Digitale Gottesdienstformate sollen nicht nur \u201ekonsumiert\u201c werden, sondern aktivieren und beteiligen. Besonders Kinder sind in dieser Beziehung sehr anspruchsvoll. Wir wollen der Kunst auf die Spur kommen, das Wesentliche vom Digitalen ins Analoge zu \u201e\u00fcbersetzen\u201c. Wie k\u00f6nnen wir ein analoges Treffen digital bereichern? Wie ein digitales Format \u201ebioverf\u00fcgbar\u201c machen? Eine Mischung aus digitalem Content und analogen \u201eGebrauchsanweisungen\u201c f\u00fcr Familie, Kindergottesdienst oder Kitagruppe kann helfen, der Quadratur des Kreises n\u00e4her zu kommen. Einige Beispiele werden vorgestellt und reflektiert.<\/p>\n\n\n\n<p><\/p>\n\n\n\n<p><\/p>\n\n\n\n<h5 class=\"wp-block-heading\"><a href=\"https:\/\/ekd.zoom.us\/meeting\/register\/u5Yvc-yurj4iEtJyw_vB82N-t6nvwVBjZukh\" target=\"_blank\" rel=\"noreferrer noopener\">Zur Anmeldung f\u00fcr diese Veranstaltung<\/a><\/h5>\n\n\n\n<p><strong>Referenten:<\/strong><\/p>\n\n\n\n<figure class=\"wp-block-image alignleft is-resized\"><img loading=\"lazy\" decoding=\"async\" src=\"https:\/\/kirchendigital.de\/wp-content\/uploads\/2022\/02\/Florian_Gaertner_c_Florian_Gaertner_550.jpg\" alt=\"Portraitfoto\" class=\"wp-image-2968\" width=\"295\" height=\"295\"\/><figcaption>Florian G\u00e4rtner,<br>Pfarrer der Evangelischen Kirche der Pfalz, zust\u00e4ndig f\u00fcr interkontinentale Partnerschaften, Mission und Diakonie. Masterarbeit zu Digitalisierung und Kirche.<br><sub>\u00a9 Florian G\u00e4rtner<\/sub><\/figcaption><\/figure>\n\n\n\n<figure class=\"wp-block-image is-resized\"><img loading=\"lazy\" decoding=\"async\" src=\"https:\/\/kirchendigital.de\/wp-content\/uploads\/2022\/02\/Stefan_Mendling_c_Stefan_Mendling_550.jpg\" alt=\"Portraitfoto\" class=\"wp-image-2969\" width=\"305\" height=\"305\"\/><figcaption>Stefan Mendling,<br>Landespfarrer f\u00fcr Gottesdienste mit Kindern und Familien der Evangelischen Kirche der Pfalz <br>und Radiomoderator.<br><sub>\u00a9 Stefan Mendling<\/sub><\/figcaption><\/figure>\n","protected":false},"excerpt":{"rendered":"<p>15. Juni 2022, 14.00 bis 15.00 Uhr Das Wesentliche ist f\u00fcr die Augen unsichtbar.\u2033 Digitale Gottesdienstformate sollen nicht nur \u201ekonsumiert\u201c<\/p>\n","protected":false},"author":1,"featured_media":127,"comment_status":"closed","ping_status":"open","sticky":false,"template":"","format":"standard","meta":{"colormag_page_container_layout":"default_layout","colormag_page_sidebar_layout":"default_layout","footnotes":""},"categories":[13,7],"tags":[],"class_list":["post-117","post","type-post","status-publish","format-standard","has-post-thumbnail","hentry","category-digital","category-veranstaltung"],"_links":{"self":[{"href":"https:\/\/eaf-pfalz.de\/index.php?rest_route=\/wp\/v2\/posts\/117","targetHints":{"allow":["GET"]}}],"collection":[{"href":"https:\/\/eaf-pfalz.de\/index.php?rest_route=\/wp\/v2\/posts"}],"about":[{"href":"https:\/\/eaf-pfalz.de\/index.php?rest_route=\/wp\/v2\/types\/post"}],"author":[{"embeddable":true,"href":"https:\/\/eaf-pfalz.de\/index.php?rest_route=\/wp\/v2\/users\/1"}],"replies":[{"embeddable":true,"href":"https:\/\/eaf-pfalz.de\/index.php?rest_route=%2Fwp%2Fv2%2Fcomments&post=117"}],"version-history":[{"count":9,"href":"https:\/\/eaf-pfalz.de\/index.php?rest_route=\/wp\/v2\/posts\/117\/revisions"}],"predecessor-version":[{"id":126,"href":"https:\/\/eaf-pfalz.de\/index.php?rest_route=\/wp\/v2\/posts\/117\/revisions\/126"}],"wp:featuredmedia":[{"embeddable":true,"href":"https:\/\/eaf-pfalz.de\/index.php?rest_route=\/wp\/v2\/media\/127"}],"wp:attachment":[{"href":"https:\/\/eaf-pfalz.de\/index.php?rest_route=%2Fwp%2Fv2%2Fmedia&parent=117"}],"wp:term":[{"taxonomy":"category","embeddable":true,"href":"https:\/\/eaf-pfalz.de\/index.php?rest_route=%2Fwp%2Fv2%2Fcategories&post=117"},{"taxonomy":"post_tag","embeddable":true,"href":"https:\/\/eaf-pfalz.de\/index.php?rest_route=%2Fwp%2Fv2%2Ftags&post=117"}],"curies":[{"name":"wp","href":"https:\/\/api.w.org\/{rel}","templated":true}]}}