{"id":175,"date":"2022-07-12T12:56:51","date_gmt":"2022-07-12T12:56:51","guid":{"rendered":"https:\/\/eaf-pfalz.de\/?p=175"},"modified":"2022-07-12T13:14:45","modified_gmt":"2022-07-12T13:14:45","slug":"familienreligiositaet-im-bildungshandeln","status":"publish","type":"post","link":"https:\/\/eaf-pfalz.de\/?p=175","title":{"rendered":"Familienreligiosit\u00e4t im Bildungshandeln"},"content":{"rendered":"\n<figure class=\"wp-block-image alignleft size-full\"><img loading=\"lazy\" decoding=\"async\" width=\"209\" height=\"298\" src=\"https:\/\/eaf-pfalz.de\/wp-content\/uploads\/2022\/07\/image.png\" alt=\"\" class=\"wp-image-176\"\/><\/figure>\n\n\n\n<p>Ein neuer Band zur Familienbildung bietet zentrale Forschungsergebnisse, religionsp\u00e4dagogische Ans\u00e4tze und bew\u00e4hrte Praxiserfahrungen f\u00fcr die religi\u00f6se Bildungsarbeit mit Eltern und Gro\u00dfeltern. Er fordert die kirchlich getragene Familienbildung konzeptionell heraus und fragt: Was bewegt und interessiert Familien heutzutage in religi\u00f6ser Hinsicht? Anhand welcher Empfehlungen und Fragestellungen lassen sich die religi\u00f6sen Bildungsangebote f\u00fcr Familien weiterentwickeln?<\/p>\n\n\n\n<p><strong>Familienreligiosit\u00e4t im Bildungshandeln<\/strong><\/p>\n\n\n\n<p>Miriam Boger, Steffen Kleint, Freimut Schirrmacher (Hrsg.)<\/p>\n\n\n\n<p>Theorie &#8211; Empirie \u2013 Praxis &nbsp;&nbsp;(Erwachsenenbildung: Band 5)<\/p>\n\n\n\n<p>M\u00fcnster: Waxmann, 2022. 284 Seiten. ISBN 978-3-8309-4551-2<\/p>\n\n\n\n<p>Preis: 34,90&nbsp;\u20ac inkl. Mehrwertsteuer<\/p>\n\n\n\n<p><a href=\"http:\/\/www.deae.de\/Publikationen\/Buchveroeffentlichungen\/Inhalts_pdfs\/Flyer-Familienreligiositaet-im-Bildungshandeln.pdf\">Flyer<\/a>&nbsp;&nbsp;&nbsp; <a href=\"https:\/\/comenius.de\/produkt\/familienreligiositaet-im-bildungshandeln\/\">Bookshop<\/a><\/p>\n","protected":false},"excerpt":{"rendered":"<p>Ein neuer Band zur Familienbildung bietet zentrale Forschungsergebnisse, religionsp\u00e4dagogische Ans\u00e4tze und bew\u00e4hrte Praxiserfahrungen f\u00fcr die religi\u00f6se Bildungsarbeit mit Eltern und<\/p>\n","protected":false},"author":1,"featured_media":183,"comment_status":"closed","ping_status":"open","sticky":false,"template":"","format":"standard","meta":{"colormag_page_container_layout":"default_layout","colormag_page_sidebar_layout":"default_layout","footnotes":""},"categories":[23,22],"tags":[24,10,18,25],"class_list":["post-175","post","type-post","status-publish","format-standard","has-post-thumbnail","hentry","category-familienbildung","category-tipp","tag-buchtipp","tag-familie","tag-familienbildung","tag-religion"],"_links":{"self":[{"href":"https:\/\/eaf-pfalz.de\/index.php?rest_route=\/wp\/v2\/posts\/175","targetHints":{"allow":["GET"]}}],"collection":[{"href":"https:\/\/eaf-pfalz.de\/index.php?rest_route=\/wp\/v2\/posts"}],"about":[{"href":"https:\/\/eaf-pfalz.de\/index.php?rest_route=\/wp\/v2\/types\/post"}],"author":[{"embeddable":true,"href":"https:\/\/eaf-pfalz.de\/index.php?rest_route=\/wp\/v2\/users\/1"}],"replies":[{"embeddable":true,"href":"https:\/\/eaf-pfalz.de\/index.php?rest_route=%2Fwp%2Fv2%2Fcomments&post=175"}],"version-history":[{"count":3,"href":"https:\/\/eaf-pfalz.de\/index.php?rest_route=\/wp\/v2\/posts\/175\/revisions"}],"predecessor-version":[{"id":179,"href":"https:\/\/eaf-pfalz.de\/index.php?rest_route=\/wp\/v2\/posts\/175\/revisions\/179"}],"wp:featuredmedia":[{"embeddable":true,"href":"https:\/\/eaf-pfalz.de\/index.php?rest_route=\/wp\/v2\/media\/183"}],"wp:attachment":[{"href":"https:\/\/eaf-pfalz.de\/index.php?rest_route=%2Fwp%2Fv2%2Fmedia&parent=175"}],"wp:term":[{"taxonomy":"category","embeddable":true,"href":"https:\/\/eaf-pfalz.de\/index.php?rest_route=%2Fwp%2Fv2%2Fcategories&post=175"},{"taxonomy":"post_tag","embeddable":true,"href":"https:\/\/eaf-pfalz.de\/index.php?rest_route=%2Fwp%2Fv2%2Ftags&post=175"}],"curies":[{"name":"wp","href":"https:\/\/api.w.org\/{rel}","templated":true}]}}