{"id":180,"date":"2022-07-12T13:12:14","date_gmt":"2022-07-12T13:12:14","guid":{"rendered":"https:\/\/eaf-pfalz.de\/?p=180"},"modified":"2022-07-12T13:23:08","modified_gmt":"2022-07-12T13:23:08","slug":"familien-zur-chefsache-machen","status":"publish","type":"post","link":"https:\/\/eaf-pfalz.de\/?p=180","title":{"rendered":"Familien zur Chefsache machen!"},"content":{"rendered":"\n<pre class=\"wp-block-preformatted\"><strong>eaf bringt Familiengipfel im Kanzleramt erneut aufs Tapet<\/strong>\n\n<strong>Berlin, den 11. Juli 2022.<\/strong> F\u00fcr Familien stehen beim Start in die Ferien die Erholung vom eng getakteten Schulalltag, Freibad, Urlaub und Entspannung im Mittelpunkt. Allerdings sollten Politik und Verwaltung nicht ausruhen, sondern mit Hochdruck an tragf\u00e4higen Konzepten f\u00fcr den Start in das neue Schuljahr arbeiten, die Infektionen einschr\u00e4nken und soziales sowie schulisches Lernen gleicherma\u00dfen erm\u00f6glichen. Bei den Planungen muss der Fokus auf die Situation von Kindern, Jugendlichen und ihren Eltern gelenkt werden, fordert die evangelische arbeitsgemeinschaft familie (eaf) in einem Brief an Bundeskanzler Olaf Scholz. Sie erinnert an ihre Initiative, zu einem Familiengipfel in das Bundeskanzleramt einzuladen.\n\nWir bef\u00fcrchten, dass die Familien wieder einmal aus dem Blick geraten\u201c, so eaf-Pr\u00e4sident Dr. Martin Bujard. \u201eKinder, Jugendliche und ihre Familien haben im Verlauf der Pandemie bereits vielf\u00e4ltige Belastungen geschultert. Ihre Belange d\u00fcrfen nicht abermals hintenanstehen, sondern sie m\u00fcssen zur Chefsache gemacht werden. Ein Familiengipfel im Bundeskanzleramt w\u00e4re ein deutliches Signal an die Familien: Wir sehen eure Leistungen und wir m\u00f6chten \u00fcber eure Bedarfe direkt mit euch sprechen.\u201c\n\nAnsprechpartnerin: Svenja Kraus, E-Mail: <a href=\"mailto:kraus@eaf-bund.de\">kraus@eaf-bund.de&lt;mailto:kraus@eaf-bund.de&gt;<\/a>\n<\/pre>\n","protected":false},"excerpt":{"rendered":"<p>eaf bringt Familiengipfel im Kanzleramt erneut aufs Tapet Berlin, den 11. Juli 2022. F\u00fcr Familien stehen beim Start in die<\/p>\n","protected":false},"author":1,"featured_media":186,"comment_status":"closed","ping_status":"open","sticky":false,"template":"","format":"standard","meta":{"colormag_page_container_layout":"default_layout","colormag_page_sidebar_layout":"default_layout","footnotes":""},"categories":[6,5],"tags":[],"class_list":["post-180","post","type-post","status-publish","format-standard","has-post-thumbnail","hentry","category-eaf-bund","category-pressemitteilung"],"_links":{"self":[{"href":"https:\/\/eaf-pfalz.de\/index.php?rest_route=\/wp\/v2\/posts\/180","targetHints":{"allow":["GET"]}}],"collection":[{"href":"https:\/\/eaf-pfalz.de\/index.php?rest_route=\/wp\/v2\/posts"}],"about":[{"href":"https:\/\/eaf-pfalz.de\/index.php?rest_route=\/wp\/v2\/types\/post"}],"author":[{"embeddable":true,"href":"https:\/\/eaf-pfalz.de\/index.php?rest_route=\/wp\/v2\/users\/1"}],"replies":[{"embeddable":true,"href":"https:\/\/eaf-pfalz.de\/index.php?rest_route=%2Fwp%2Fv2%2Fcomments&post=180"}],"version-history":[{"count":3,"href":"https:\/\/eaf-pfalz.de\/index.php?rest_route=\/wp\/v2\/posts\/180\/revisions"}],"predecessor-version":[{"id":184,"href":"https:\/\/eaf-pfalz.de\/index.php?rest_route=\/wp\/v2\/posts\/180\/revisions\/184"}],"wp:featuredmedia":[{"embeddable":true,"href":"https:\/\/eaf-pfalz.de\/index.php?rest_route=\/wp\/v2\/media\/186"}],"wp:attachment":[{"href":"https:\/\/eaf-pfalz.de\/index.php?rest_route=%2Fwp%2Fv2%2Fmedia&parent=180"}],"wp:term":[{"taxonomy":"category","embeddable":true,"href":"https:\/\/eaf-pfalz.de\/index.php?rest_route=%2Fwp%2Fv2%2Fcategories&post=180"},{"taxonomy":"post_tag","embeddable":true,"href":"https:\/\/eaf-pfalz.de\/index.php?rest_route=%2Fwp%2Fv2%2Ftags&post=180"}],"curies":[{"name":"wp","href":"https:\/\/api.w.org\/{rel}","templated":true}]}}