{"id":189,"date":"2022-09-05T13:16:48","date_gmt":"2022-09-05T13:16:48","guid":{"rendered":"https:\/\/eaf-pfalz.de\/?p=189"},"modified":"2022-09-05T13:19:32","modified_gmt":"2022-09-05T13:19:32","slug":"wie-geht-es-familien-mit-0-bis-3-jaehrigen-kindern","status":"publish","type":"post","link":"https:\/\/eaf-pfalz.de\/?p=189","title":{"rendered":"Wie geht es Familien mit 0- bis 3-j\u00e4hrigen Kindern?"},"content":{"rendered":"\n<p>Herzliche Einladung zu unserer n\u00e4chsten Online-Veranstaltung !<\/p>\n\n\n\n<p>Am 26. September 2022 von 10.00 &#8211; 12.00 Uhr wird im Rahmen unserer Reihe<strong> \u201eFamilienbildung im Gespr\u00e4ch mit Wissenschaft und Forschung\u201c die Repr\u00e4sentativbefragung 2022 der Studie <em>KiD 0-3 &#8211; Wie geht es Familien mit 0- bis 3-j\u00e4hrigen Kindern?<\/em><\/strong> vorgestellt.<\/p>\n\n\n\n<p>Das NZFH erhebt im Jahr 2022 analog zur Studie KiD 0-3 aus dem Jahre 2015 erneut Daten zu psychosozialen Belastungen von Familien mit 0- bis 3-j\u00e4hrigen Kindern in Deutschland und zu ihrer Kenntnis und Inanspruchnahme von universell zug\u00e4nglichen Unterst\u00fctzungsangeboten. F\u00fcr die Studie kooperiert das NZFH mit kinder- und jugend\u00e4rztlichen Praxen, um Eltern f\u00fcr eine Teilnahme an der Studie zu gewinnen. Erg\u00e4nzend zu den Angaben der Eltern wird eine p\u00e4diatrische Einsch\u00e4tzung zum kindlichen Gesundheitsstatus und Entwicklungsstand eingeholt. Mit dem Forschungsprojekt soll ermittelt werden, wie es Kindern und Familien in Deutschland geht, nachdem seit dem Fr\u00fchjahr 2020 immer wieder weitreichende kontaktbeschr\u00e4nkende Ma\u00dfnahmen ergriffen wurden, die auch den Alltag von Familien stark ver\u00e4nderten. In die im M\u00e4rz 2022 gestartete Online-Erhebung konnten kurzfristig auch Fragen zum Erleben der Situation durch den Krieg in der Ukraine aufgenommen werden.<\/p>\n\n\n\n<p>Wir freuen uns, dass im Sommer erste Ergebnisse vorliegen werden und laden Sie zur Pr\u00e4sentation und Diskussion herzlich ein.<\/p>\n\n\n\n<p><strong>Referentin<\/strong>: Ilona Renner, Nationales Zentrum Fr\u00fche Hilfen (NZFH)<\/p>\n\n\n\n<p>Weitere Infos und Anmeldung unter: <\/p>\n\n\n\n<p><a href=\"https:\/\/www.eaf-bund.de\/service\/veranstaltungen\/2022-09-26-familienbildung-im-gespraech-mit-wissenschaft-und-forschung-kurs\">https:\/\/www.eaf-bund.de\/service\/veranstaltungen\/2022-09-26-familienbildung-im-gespraech-mit-wissenschaft-und-forschung-kurs<\/a><\/p>\n","protected":false},"excerpt":{"rendered":"<p>Herzliche Einladung zu unserer n\u00e4chsten Online-Veranstaltung ! Am 26. September 2022 von 10.00 &#8211; 12.00 Uhr wird im Rahmen unserer<\/p>\n","protected":false},"author":1,"featured_media":193,"comment_status":"closed","ping_status":"open","sticky":false,"template":"","format":"standard","meta":{"colormag_page_container_layout":"default_layout","colormag_page_sidebar_layout":"default_layout","footnotes":""},"categories":[7],"tags":[19,17],"class_list":["post-189","post","type-post","status-publish","format-standard","has-post-thumbnail","hentry","category-veranstaltung","tag-kinder","tag-studie"],"_links":{"self":[{"href":"https:\/\/eaf-pfalz.de\/index.php?rest_route=\/wp\/v2\/posts\/189","targetHints":{"allow":["GET"]}}],"collection":[{"href":"https:\/\/eaf-pfalz.de\/index.php?rest_route=\/wp\/v2\/posts"}],"about":[{"href":"https:\/\/eaf-pfalz.de\/index.php?rest_route=\/wp\/v2\/types\/post"}],"author":[{"embeddable":true,"href":"https:\/\/eaf-pfalz.de\/index.php?rest_route=\/wp\/v2\/users\/1"}],"replies":[{"embeddable":true,"href":"https:\/\/eaf-pfalz.de\/index.php?rest_route=%2Fwp%2Fv2%2Fcomments&post=189"}],"version-history":[{"count":5,"href":"https:\/\/eaf-pfalz.de\/index.php?rest_route=\/wp\/v2\/posts\/189\/revisions"}],"predecessor-version":[{"id":196,"href":"https:\/\/eaf-pfalz.de\/index.php?rest_route=\/wp\/v2\/posts\/189\/revisions\/196"}],"wp:featuredmedia":[{"embeddable":true,"href":"https:\/\/eaf-pfalz.de\/index.php?rest_route=\/wp\/v2\/media\/193"}],"wp:attachment":[{"href":"https:\/\/eaf-pfalz.de\/index.php?rest_route=%2Fwp%2Fv2%2Fmedia&parent=189"}],"wp:term":[{"taxonomy":"category","embeddable":true,"href":"https:\/\/eaf-pfalz.de\/index.php?rest_route=%2Fwp%2Fv2%2Fcategories&post=189"},{"taxonomy":"post_tag","embeddable":true,"href":"https:\/\/eaf-pfalz.de\/index.php?rest_route=%2Fwp%2Fv2%2Ftags&post=189"}],"curies":[{"name":"wp","href":"https:\/\/api.w.org\/{rel}","templated":true}]}}