{"id":197,"date":"2022-09-01T13:25:00","date_gmt":"2022-09-01T13:25:00","guid":{"rendered":"https:\/\/eaf-pfalz.de\/?p=197"},"modified":"2022-09-05T13:27:53","modified_gmt":"2022-09-05T13:27:53","slug":"geplante-kindergelderhoehung-benachteiligt-eltern-mit-drei-und-mehr-kindern","status":"publish","type":"post","link":"https:\/\/eaf-pfalz.de\/?p=197","title":{"rendered":"Geplante Kindergelderh\u00f6hung benachteiligt Eltern mit drei und mehr Kindern"},"content":{"rendered":"\n<h5 class=\"wp-block-heading\">eaf fordert Korrektur beim geplanten Inflationsausgleichsgesetz<\/h5>\n\n\n\n<h6 class=\"wp-block-heading\">Pressemitteilung vom 11.08.2022<\/h6>\n\n\n\n<p><strong>Berlin.<\/strong> Bundesfinanzminister Christian Lindner hat gestern Eckpunkte f\u00fcr ein Inflationsausgleichsgesetz<br>vorgestellt, die auch eine Erh\u00f6hung des Kindergeldes f\u00fcr 2023 und 2024 einschlie\u00dfen. Die eaf<br>bem\u00e4ngelt, dass mit der vorgesehenen neuen Kindergeldstaffelung Familien mit drei und mehr<br>Kindern k\u00fcnftig schlechter gestellt w\u00fcrden.<br>\u201eAngesichts der steigenden Inflation ist die f\u00fcr das kommende Jahr geplante Kindergelderh\u00f6hung<br>mit 8 Euro f\u00fcr das erste und zweite Kind schon vollkommen unzureichend. Ab dem dritten Kind<br>sollen es gar nur 2 Euro sein und f\u00fcr vierte und weitere Kinder entfallen die Erh\u00f6hungen<br>g\u00e4nzlich\u201c, kritisiert Bernd Heimberg, Vizepr\u00e4sident der eaf.<br>Die Armutsbetroffenheit von Familien steigt aber mit der Kinderzahl. Insbesondere die Kosten<br>f\u00fcr angemessenen Wohnraum und Mobilit\u00e4t erh\u00f6hen sich sprunghaft ab dem dritten Kind.<br>Erwiesenerma\u00dfen haben Mehrkindfamilien \u201epro Kopf\u201c ein geringeres Einkommen zur Verf\u00fcgung<br>als kleinere Familien.<br>\u201eNicht umsonst ist seit Jahrzehnten das Kindergeld f\u00fcr dritte, vierte und weitere Kinder h\u00f6her<br>als f\u00fcr das erste und zweite Kind. Nun von dieser Praxis abzuweichen, ist angesichts der<br>steigenden Lebenshaltungskosten weder sachgerecht noch angemessen\u201c, so Bernd Heimberg<br>weiter. \u201eWir halten es f\u00fcr erforderlich, dass diese beabsichtigte Schlechterstellung von<br>Mehrkindfamilien in den Beratungen der Koalition r\u00fcckg\u00e4ngig gemacht wird.\u201c<br>Ansprechpartnerin: Sigrid Andersen, E-Mail: andersen@eaf-bund.de<\/p>\n","protected":false},"excerpt":{"rendered":"<p>eaf fordert Korrektur beim geplanten Inflationsausgleichsgesetz Pressemitteilung vom 11.08.2022 Berlin. Bundesfinanzminister Christian Lindner hat gestern Eckpunkte f\u00fcr ein Inflationsausgleichsgesetzvorgestellt, die<\/p>\n","protected":false},"author":1,"featured_media":31,"comment_status":"closed","ping_status":"open","sticky":false,"template":"","format":"standard","meta":{"colormag_page_container_layout":"default_layout","colormag_page_sidebar_layout":"default_layout","footnotes":""},"categories":[6,5],"tags":[26],"class_list":["post-197","post","type-post","status-publish","format-standard","has-post-thumbnail","hentry","category-eaf-bund","category-pressemitteilung","tag-kindergeld"],"_links":{"self":[{"href":"https:\/\/eaf-pfalz.de\/index.php?rest_route=\/wp\/v2\/posts\/197","targetHints":{"allow":["GET"]}}],"collection":[{"href":"https:\/\/eaf-pfalz.de\/index.php?rest_route=\/wp\/v2\/posts"}],"about":[{"href":"https:\/\/eaf-pfalz.de\/index.php?rest_route=\/wp\/v2\/types\/post"}],"author":[{"embeddable":true,"href":"https:\/\/eaf-pfalz.de\/index.php?rest_route=\/wp\/v2\/users\/1"}],"replies":[{"embeddable":true,"href":"https:\/\/eaf-pfalz.de\/index.php?rest_route=%2Fwp%2Fv2%2Fcomments&post=197"}],"version-history":[{"count":6,"href":"https:\/\/eaf-pfalz.de\/index.php?rest_route=\/wp\/v2\/posts\/197\/revisions"}],"predecessor-version":[{"id":204,"href":"https:\/\/eaf-pfalz.de\/index.php?rest_route=\/wp\/v2\/posts\/197\/revisions\/204"}],"wp:featuredmedia":[{"embeddable":true,"href":"https:\/\/eaf-pfalz.de\/index.php?rest_route=\/wp\/v2\/media\/31"}],"wp:attachment":[{"href":"https:\/\/eaf-pfalz.de\/index.php?rest_route=%2Fwp%2Fv2%2Fmedia&parent=197"}],"wp:term":[{"taxonomy":"category","embeddable":true,"href":"https:\/\/eaf-pfalz.de\/index.php?rest_route=%2Fwp%2Fv2%2Fcategories&post=197"},{"taxonomy":"post_tag","embeddable":true,"href":"https:\/\/eaf-pfalz.de\/index.php?rest_route=%2Fwp%2Fv2%2Ftags&post=197"}],"curies":[{"name":"wp","href":"https:\/\/api.w.org\/{rel}","templated":true}]}}