{"id":218,"date":"2022-09-09T15:32:33","date_gmt":"2022-09-09T15:32:33","guid":{"rendered":"https:\/\/eaf-pfalz.de\/?p=218"},"modified":"2022-09-09T15:32:35","modified_gmt":"2022-09-09T15:32:35","slug":"keine-privatisierung-der-kosten-zu-lasten-von-familien","status":"publish","type":"post","link":"https:\/\/eaf-pfalz.de\/?p=218","title":{"rendered":"Keine Privatisierung der Kosten zu Lasten von Familien!"},"content":{"rendered":"\n<p><strong>eaf begr\u00fc\u00dft das 3. Entlastungspaket und erwartet gesellschaftliche Solidarit\u00e4t auf allen Ebenen<\/strong><\/p>\n\n\n\n<h6 class=\"wp-block-heading\">Pressemitteilung vom 07.09.2022<\/h6>\n\n\n\n<p><strong>Berlin.<\/strong> Die evangelische arbeitsgemeinschaft familie e. V. (eaf) begr\u00fc\u00dft das 3. Entlastungspaket der<br>Bundesregierung. Die darin geplante Absch\u00f6pfung von Zufallsgewinnen zur Finanzierung von<br>Strompreissenkungen tr\u00e4gt aus Sicht der eaf dazu bei, dass das gesellschaftliche Gleichgewicht<br>wiederhergestellt wird. Denn w\u00e4hrend bis jetzt einige Unternehmen zuf\u00e4llig von Krieg und Krise<br>profitieren, sehen sich viele Familien in Deutschland ebenso unverschuldet mit den mittelbaren<br>Konsequenzen \u2013 an der Supermarktkasse und bei der drohenden Stromrechnung \u2013 des russischen<br>Angriffskrieges konfrontiert.<br>\u201eUnsere Solidarit\u00e4t mit der Ukraine ist nicht verhandelbar. So lange warme Worte reichten, waren<br>sich da alle einig. Wenn es jetzt darum geht, die finanziellen und sozialen Kosten zu tragen,<br>m\u00fcssen wir ebenso solidarisch sein \u2013 nach innen und au\u00dfen. Moral ist keine Frage des Geld-<br>beutels. Doch es ist leichter, von der Verteidigung demokratischer Werte zu sprechen, wenn man<br>warm und trocken sitzt. Existenz\u00e4ngste, wie sie einkommensschwache Familien in diesen Tagen<br>erleben, sind keine Lappalie. Es war deshalb absolut \u00fcberf\u00e4llig\u201c, so eaf-Pr\u00e4sident Dr. Martin<br>Bujard, \u201edass sich die Gesellschaft als solidarische Einheit versteht und Kosten und Gewinne<br>wieder gerechter verteilt werden.\u201c<br>Der evangelische Familienverband wiederholt zudem seine Forderung, dass jedes Kind dem Staat<br>gleich viel wert sein muss. Dies gilt f\u00fcr die Erh\u00f6hung des Kindergeldes ebenso wie bei den<br>Anspr\u00fcchen, die sich aus dem neuen Paket errechnen. Der Vorwurf von Pr\u00e4sident Bujard: \u201eWieder<br>einmal wurden die Familienverb\u00e4nde nicht in die Diskussion miteinbezogen. Unsere Forderung<br>nach einem Familiengipfel im Kanzleramt bleibt aktuell.\u201c<br>Die eaf begr\u00fc\u00dft vor allem die Einf\u00fchrung einer Strompreisbremse als direkt wirksames Element<br>f\u00fcr Familien. Der Verband weist aber darauf hin, dass andere \u2013 kommunale \u2013 Ma\u00dfnahmen den<br>Gas- und Stromverbrauch in einigen Haushalten unfreiwillig nach oben treiben w\u00fcrden: \u201eDie2<br>Tendenz, \u00f6ffentliche Angebote wie Warmwasser zum Duschen in Sporthallen und Schwimm-<br>b\u00e4dern zur\u00fcckzufahren und damit die Kosten zu privatisieren, muss gestoppt werden. Auf diese<br>Art werden Privathaushalte zur Entlastung der kommunalen Haushaltet belastet\u201c, so Bujard.<\/p>\n\n\n\n<p>Ansprechpartnerin: Konstanze Hartmann-Boudol, E-Mail: hartmann-boudol@eaf-bund.de<br><\/p>\n","protected":false},"excerpt":{"rendered":"<p>eaf begr\u00fc\u00dft das 3. Entlastungspaket und erwartet gesellschaftliche Solidarit\u00e4t auf allen Ebenen Pressemitteilung vom 07.09.2022 Berlin. Die evangelische arbeitsgemeinschaft familie<\/p>\n","protected":false},"author":1,"featured_media":221,"comment_status":"closed","ping_status":"open","sticky":false,"template":"","format":"standard","meta":{"colormag_page_container_layout":"default_layout","colormag_page_sidebar_layout":"default_layout","footnotes":""},"categories":[6,5],"tags":[],"class_list":["post-218","post","type-post","status-publish","format-standard","has-post-thumbnail","hentry","category-eaf-bund","category-pressemitteilung"],"_links":{"self":[{"href":"https:\/\/eaf-pfalz.de\/index.php?rest_route=\/wp\/v2\/posts\/218","targetHints":{"allow":["GET"]}}],"collection":[{"href":"https:\/\/eaf-pfalz.de\/index.php?rest_route=\/wp\/v2\/posts"}],"about":[{"href":"https:\/\/eaf-pfalz.de\/index.php?rest_route=\/wp\/v2\/types\/post"}],"author":[{"embeddable":true,"href":"https:\/\/eaf-pfalz.de\/index.php?rest_route=\/wp\/v2\/users\/1"}],"replies":[{"embeddable":true,"href":"https:\/\/eaf-pfalz.de\/index.php?rest_route=%2Fwp%2Fv2%2Fcomments&post=218"}],"version-history":[{"count":4,"href":"https:\/\/eaf-pfalz.de\/index.php?rest_route=\/wp\/v2\/posts\/218\/revisions"}],"predecessor-version":[{"id":223,"href":"https:\/\/eaf-pfalz.de\/index.php?rest_route=\/wp\/v2\/posts\/218\/revisions\/223"}],"wp:featuredmedia":[{"embeddable":true,"href":"https:\/\/eaf-pfalz.de\/index.php?rest_route=\/wp\/v2\/media\/221"}],"wp:attachment":[{"href":"https:\/\/eaf-pfalz.de\/index.php?rest_route=%2Fwp%2Fv2%2Fmedia&parent=218"}],"wp:term":[{"taxonomy":"category","embeddable":true,"href":"https:\/\/eaf-pfalz.de\/index.php?rest_route=%2Fwp%2Fv2%2Fcategories&post=218"},{"taxonomy":"post_tag","embeddable":true,"href":"https:\/\/eaf-pfalz.de\/index.php?rest_route=%2Fwp%2Fv2%2Ftags&post=218"}],"curies":[{"name":"wp","href":"https:\/\/api.w.org\/{rel}","templated":true}]}}