{"id":231,"date":"2022-09-16T20:54:14","date_gmt":"2022-09-16T20:54:14","guid":{"rendered":"https:\/\/eaf-pfalz.de\/?p=231"},"modified":"2022-09-16T20:54:37","modified_gmt":"2022-09-16T20:54:37","slug":"familien-legen-den-grundstein-fuer-demokratie","status":"publish","type":"post","link":"https:\/\/eaf-pfalz.de\/?p=231","title":{"rendered":"Familien legen den Grundstein f\u00fcr Demokratie"},"content":{"rendered":"\n<p><strong>Pressemitteilung vom 15.09.2022<\/strong><\/p>\n\n\n\n<p>Berlin. \u201eDie Familie ist der Ort, an dem Kinder Respekt und Solidarit\u00e4t, Gleichberechtigung und Toleranz lernen. Familien brauchen Zeit, um in allt\u00e4glichen demokratischen Aushandlungsprozessen und Kompromissfindungen am K\u00fcchentisch und im Kinderzimmer Kinder darin zu best\u00e4rken, andere Meinungen zu tolerieren, einander respektvoll zu begegnen und das gesellschaftliche Zusammenleben aktiv mitzugestalten\u201c, sagt eaf-Pr\u00e4sident Dr. Martin Bujard anl\u00e4sslich des Internationalen Tags der Demokratie.<\/p>\n\n\n\n<p>Er erl\u00e4utert: \u201eWenn Kinder erleben, dass ihre Meinung geh\u00f6rt und ernstgenommen wird, ist \u201ademokratische Mitbestimmung\u2018 nicht l\u00e4nger ein abstrakter Begriff, der ihnen nur in der Schule begegnet, sondern ein Wert, der mit Leben gef\u00fcllt und im Alltag konkret greifbar wird. Kinder, die eine solche Familienkultur erfahren, gelangen zu einem nat\u00fcrlichen Verst\u00e4ndnis demokra\u00adtischer Werte, das sich \u00fcber die Jahre festigt und tief verankert.\u201c<\/p>\n\n\n\n<p>Um Familien in ihrer besonderen Rolle bei der Demokratiebildung zu unterst\u00fctzen, fordert die eaf, dass Familienbildung, -beratung und -erholung explizit als Adressaten des geplanten Demokratief\u00f6rdergesetzes benannt werden. In diesen Arbeitsfeldern wird wichtige pr\u00e4ventive Arbeit im Bereich der Demokratief\u00f6rderung geleistet. \u201eDamit wollen wir Familien das R\u00fcstzeug an die Hand geben, um auch in Zukunft das Fundament f\u00fcr unsere Demokratie zu bauen\u201c, schlie\u00dft Dr. Martin Bujard.<\/p>\n\n\n\n<p><a>Ansprechpartnerin: Ulrike Stephan, E-Mail: <\/a><a href=\"file:\/\/\/C:\/Users\/bujar\/AppData\/Local\/Microsoft\/Windows\/INetCache\/Content.Outlook\/NBQYZTGJ\/stephan@eaf-bund.de\">stephan@eaf-bund.de<\/a><\/p>\n","protected":false},"excerpt":{"rendered":"<p>Pressemitteilung vom 15.09.2022 Berlin. \u201eDie Familie ist der Ort, an dem Kinder Respekt und Solidarit\u00e4t, Gleichberechtigung und Toleranz lernen. Familien<\/p>\n","protected":false},"author":1,"featured_media":234,"comment_status":"closed","ping_status":"open","sticky":false,"template":"","format":"standard","meta":{"colormag_page_container_layout":"default_layout","colormag_page_sidebar_layout":"default_layout","footnotes":""},"categories":[6,5],"tags":[10],"class_list":["post-231","post","type-post","status-publish","format-standard","has-post-thumbnail","hentry","category-eaf-bund","category-pressemitteilung","tag-familie"],"_links":{"self":[{"href":"https:\/\/eaf-pfalz.de\/index.php?rest_route=\/wp\/v2\/posts\/231","targetHints":{"allow":["GET"]}}],"collection":[{"href":"https:\/\/eaf-pfalz.de\/index.php?rest_route=\/wp\/v2\/posts"}],"about":[{"href":"https:\/\/eaf-pfalz.de\/index.php?rest_route=\/wp\/v2\/types\/post"}],"author":[{"embeddable":true,"href":"https:\/\/eaf-pfalz.de\/index.php?rest_route=\/wp\/v2\/users\/1"}],"replies":[{"embeddable":true,"href":"https:\/\/eaf-pfalz.de\/index.php?rest_route=%2Fwp%2Fv2%2Fcomments&post=231"}],"version-history":[{"count":4,"href":"https:\/\/eaf-pfalz.de\/index.php?rest_route=\/wp\/v2\/posts\/231\/revisions"}],"predecessor-version":[{"id":238,"href":"https:\/\/eaf-pfalz.de\/index.php?rest_route=\/wp\/v2\/posts\/231\/revisions\/238"}],"wp:featuredmedia":[{"embeddable":true,"href":"https:\/\/eaf-pfalz.de\/index.php?rest_route=\/wp\/v2\/media\/234"}],"wp:attachment":[{"href":"https:\/\/eaf-pfalz.de\/index.php?rest_route=%2Fwp%2Fv2%2Fmedia&parent=231"}],"wp:term":[{"taxonomy":"category","embeddable":true,"href":"https:\/\/eaf-pfalz.de\/index.php?rest_route=%2Fwp%2Fv2%2Fcategories&post=231"},{"taxonomy":"post_tag","embeddable":true,"href":"https:\/\/eaf-pfalz.de\/index.php?rest_route=%2Fwp%2Fv2%2Ftags&post=231"}],"curies":[{"name":"wp","href":"https:\/\/api.w.org\/{rel}","templated":true}]}}