{"id":256,"date":"2022-10-04T20:13:46","date_gmt":"2022-10-04T20:13:46","guid":{"rendered":"https:\/\/eaf-pfalz.de\/?p=256"},"modified":"2022-10-04T20:13:48","modified_gmt":"2022-10-04T20:13:48","slug":"aber-sicher-kinderrechte-in-der-digitalen-welt","status":"publish","type":"post","link":"https:\/\/eaf-pfalz.de\/?p=256","title":{"rendered":"Aber sicher! \u2013 Kinderrechte in der digitalen Welt"},"content":{"rendered":"\n<p><a>Herzliche Einladung zum Online \u2013 <strong>Fachtag Medienkompetenz:<\/strong><\/a><\/p>\n\n\n\n<p><strong>Aber sicher! \u2013 Kinderrechte in der digitalen Welt<\/strong><strong><\/strong><\/p>\n\n\n\n<p>am<strong> 17. November 2022 <\/strong>von 10:00 bis 15:00 Uhr<\/p>\n\n\n\n<p>Kinder wachsen heute von Geburt an in einer von digitalen Medien gepr\u00e4gten Welt auf. Gerade junge Menschen nutzen digitale Medien weltweit auf vielf\u00e4ltige Weise, z.B. zur Information, Vernetzung, Unterhaltung und zum Lernen. Auch im digitalen Raum gelten Schutz-, F\u00f6rder- und Beteiligungsrechte von Kindern. Kinderrechte in der digitalen Welt &#8211; was bedeutet das also f\u00fcr Eltern und uns Fachkr\u00e4fte in der Arbeit mit Kindern und Eltern? Vor welchen Herausforderungen stehen wir? Was brauchen die Kinder von uns Erwachsenen, um sicher ihre Rechte in der digitalen Welt wahrnehmen zu k\u00f6nnen?<br>Elternbegleiter:innen stehen in direktem Kontakt mit Familien und k\u00f6nnen diese f\u00fcr das Thema sensibilisieren. Sie kommen mit Eltern in eine dialogische Form des Gespr\u00e4chs und begleiten und beraten Familien in Fragen rund um die Bildung ihrer Kinder.<br><strong>Teilhabe \u2013 Schutz und Bef\u00e4higung der Kinder<\/strong>, dar\u00fcber m\u00f6chten wir mit Ihnen in den Austausch gehen.<br>Der Fachtag gibt Informationen rund um das Thema <strong>Kinderrechte und Medienkompetenz<\/strong> und bietet den Rahmen zur Reflexion der eigenen Haltung sowie zum Transfer der Erkenntnisse in die Zusammenarbeit mit Familien.<\/p>\n\n\n\n<p><strong><u>Dozentinnen<\/u><\/strong><\/p>\n\n\n\n<p><strong>Alexandra Schreiner-Hirsch<\/strong>, Dipl. Sozialp\u00e4dagogin\/FH, staatl. anerkannte Erzieherin, Dozentin im Programm Elternchance II und Projekt Elternbegleitung<\/p>\n\n\n\n<p><strong>Daniela Riedel<\/strong>, Fachbereichsleitung Medien u. Kinderrechte DKSB LV Bayern, Trainerin <em>Starke Eltern Starke Kinder<\/em>, zertifizierte Elternbegleiterin<\/p>\n\n\n\n<p>Die Veranstaltung im Rahmen des Bundesprojekts Elternbegleitung richtet sich an Vertreter:innen von Kindertagesst\u00e4tten, Familienzentren, Familienbildungsst\u00e4tten, Schulsozialarbeit, Beratungsstellen und Mitarbeiter:innen kommunaler Beh\u00f6rden, Fachverb\u00e4nden sowie Elternbegleiter:innen und Fachkr\u00e4fte aus der Familienbildung und der sozialen Arbeit.<\/p>\n\n\n\n<p>Es wird eine <strong>Teilnahmegeb\u00fchr<\/strong> <strong>von 35 Euro<\/strong> erhoben.<\/p>\n\n\n\n<p><strong><u>Information<\/u><\/strong><strong>:<\/strong><strong> <\/strong>Gisela Tesch * <a href=\"mailto:tesch@eaf-bund.de\">tesch@eaf-bund.de<\/a><\/p>\n\n\n\n<p><strong>Anmeldung<\/strong><strong>:<\/strong> <a href=\"https:\/\/www.eaf-bund.de\/service\/veranstaltungen\/2022-11-17-aber-sicher-kinderrechte-der-digitalen-welt\">https:\/\/www.eaf-bund.de\/service\/veranstaltungen\/2022-11-17-aber-sicher-kinderrechte-der-digitalen-welt<\/a><\/p>\n\n\n\n<p>Wir freuen uns darauf, viele von Ihnen begr\u00fc\u00dfen zu d\u00fcrfen!<\/p>\n\n\n\n<p>Gisela Tesch<\/p>\n\n\n\n<p>Koordinatorin Bundesprojekt \u201eVerstetigung und Qualit\u00e4tssicherung Elternbegleitung\u201c f\u00fcr die evangelischen Verb\u00e4nde eaf und DEAE<\/p>\n","protected":false},"excerpt":{"rendered":"<p>Herzliche Einladung zum Online \u2013 Fachtag Medienkompetenz: Aber sicher! \u2013 Kinderrechte in der digitalen Welt am 17. November 2022 von<\/p>\n","protected":false},"author":1,"featured_media":258,"comment_status":"closed","ping_status":"open","sticky":false,"template":"","format":"standard","meta":{"colormag_page_container_layout":"default_layout","colormag_page_sidebar_layout":"default_layout","footnotes":""},"categories":[13,6,33,27,7,39],"tags":[18,42,19,43,16],"class_list":["post-256","post","type-post","status-publish","format-standard","has-post-thumbnail","hentry","category-digital","category-eaf-bund","category-fachtag","category-online","category-veranstaltung","category-workshop","tag-familienbildung","tag-kind","tag-kinder","tag-kinderrecht","tag-online"],"_links":{"self":[{"href":"https:\/\/eaf-pfalz.de\/index.php?rest_route=\/wp\/v2\/posts\/256","targetHints":{"allow":["GET"]}}],"collection":[{"href":"https:\/\/eaf-pfalz.de\/index.php?rest_route=\/wp\/v2\/posts"}],"about":[{"href":"https:\/\/eaf-pfalz.de\/index.php?rest_route=\/wp\/v2\/types\/post"}],"author":[{"embeddable":true,"href":"https:\/\/eaf-pfalz.de\/index.php?rest_route=\/wp\/v2\/users\/1"}],"replies":[{"embeddable":true,"href":"https:\/\/eaf-pfalz.de\/index.php?rest_route=%2Fwp%2Fv2%2Fcomments&post=256"}],"version-history":[{"count":1,"href":"https:\/\/eaf-pfalz.de\/index.php?rest_route=\/wp\/v2\/posts\/256\/revisions"}],"predecessor-version":[{"id":257,"href":"https:\/\/eaf-pfalz.de\/index.php?rest_route=\/wp\/v2\/posts\/256\/revisions\/257"}],"wp:featuredmedia":[{"embeddable":true,"href":"https:\/\/eaf-pfalz.de\/index.php?rest_route=\/wp\/v2\/media\/258"}],"wp:attachment":[{"href":"https:\/\/eaf-pfalz.de\/index.php?rest_route=%2Fwp%2Fv2%2Fmedia&parent=256"}],"wp:term":[{"taxonomy":"category","embeddable":true,"href":"https:\/\/eaf-pfalz.de\/index.php?rest_route=%2Fwp%2Fv2%2Fcategories&post=256"},{"taxonomy":"post_tag","embeddable":true,"href":"https:\/\/eaf-pfalz.de\/index.php?rest_route=%2Fwp%2Fv2%2Ftags&post=256"}],"curies":[{"name":"wp","href":"https:\/\/api.w.org\/{rel}","templated":true}]}}