{"id":267,"date":"2022-10-12T21:23:54","date_gmt":"2022-10-12T21:23:54","guid":{"rendered":"https:\/\/eaf-pfalz.de\/?p=267"},"modified":"2022-10-12T21:23:55","modified_gmt":"2022-10-12T21:23:55","slug":"zeitpolitik","status":"publish","type":"post","link":"https:\/\/eaf-pfalz.de\/?p=267","title":{"rendered":"Zeitpolitik"},"content":{"rendered":"\n<h4 class=\"wp-block-heading\">Dynamische Familienarbeitszeit<\/h4>\n\n\n\n<p>\u201eGemeinsam mit Expert:innen aus Forschung, Politik und Wirtschaft diskutierten wir vom 21.-22. September \u00a0auf der \u00a0diesj\u00e4hrigen Fachtagung des eaf-bund Eckpunkte f\u00fcr eine dynamische Familienarbeitszeit und sto\u00dfen damit einen Prozess zur Entwicklung eines neuen zeitpolitischen Instruments an.\u201c<\/p>\n\n\n\n<p><strong><a href=\"https:\/\/www.eaf-bund.de\/schwerpunkte\/zeitpolitik\" data-type=\"URL\" data-id=\"https:\/\/www.eaf-bund.de\/schwerpunkte\/zeitpolitik\" target=\"_blank\" rel=\"noreferrer noopener\">ZUR DOKUMENTATION<\/a><\/strong><\/p>\n\n\n\n<p><\/p>\n","protected":false},"excerpt":{"rendered":"<p>Dynamische Familienarbeitszeit \u201eGemeinsam mit Expert:innen aus Forschung, Politik und Wirtschaft diskutierten wir vom 21.-22. September \u00a0auf der \u00a0diesj\u00e4hrigen Fachtagung des<\/p>\n","protected":false},"author":1,"featured_media":271,"comment_status":"closed","ping_status":"open","sticky":false,"template":"","format":"standard","meta":{"colormag_page_container_layout":"default_layout","colormag_page_sidebar_layout":"default_layout","footnotes":""},"categories":[30,6,33],"tags":[],"class_list":["post-267","post","type-post","status-publish","format-standard","has-post-thumbnail","hentry","category-dokumentation","category-eaf-bund","category-fachtag"],"_links":{"self":[{"href":"https:\/\/eaf-pfalz.de\/index.php?rest_route=\/wp\/v2\/posts\/267","targetHints":{"allow":["GET"]}}],"collection":[{"href":"https:\/\/eaf-pfalz.de\/index.php?rest_route=\/wp\/v2\/posts"}],"about":[{"href":"https:\/\/eaf-pfalz.de\/index.php?rest_route=\/wp\/v2\/types\/post"}],"author":[{"embeddable":true,"href":"https:\/\/eaf-pfalz.de\/index.php?rest_route=\/wp\/v2\/users\/1"}],"replies":[{"embeddable":true,"href":"https:\/\/eaf-pfalz.de\/index.php?rest_route=%2Fwp%2Fv2%2Fcomments&post=267"}],"version-history":[{"count":5,"href":"https:\/\/eaf-pfalz.de\/index.php?rest_route=\/wp\/v2\/posts\/267\/revisions"}],"predecessor-version":[{"id":273,"href":"https:\/\/eaf-pfalz.de\/index.php?rest_route=\/wp\/v2\/posts\/267\/revisions\/273"}],"wp:featuredmedia":[{"embeddable":true,"href":"https:\/\/eaf-pfalz.de\/index.php?rest_route=\/wp\/v2\/media\/271"}],"wp:attachment":[{"href":"https:\/\/eaf-pfalz.de\/index.php?rest_route=%2Fwp%2Fv2%2Fmedia&parent=267"}],"wp:term":[{"taxonomy":"category","embeddable":true,"href":"https:\/\/eaf-pfalz.de\/index.php?rest_route=%2Fwp%2Fv2%2Fcategories&post=267"},{"taxonomy":"post_tag","embeddable":true,"href":"https:\/\/eaf-pfalz.de\/index.php?rest_route=%2Fwp%2Fv2%2Ftags&post=267"}],"curies":[{"name":"wp","href":"https:\/\/api.w.org\/{rel}","templated":true}]}}