{"id":280,"date":"2022-10-30T23:56:57","date_gmt":"2022-10-30T23:56:57","guid":{"rendered":"https:\/\/eaf-pfalz.de\/?p=280"},"modified":"2023-05-31T20:54:38","modified_gmt":"2023-05-31T20:54:38","slug":"dokumentation-der-fachtagung-jetzt-wirds-aber-zeit","status":"publish","type":"post","link":"https:\/\/eaf-pfalz.de\/?p=280","title":{"rendered":"Dokumentation der Fachtagung \u201eJetzt wird\u2019s aber Zeit!&#8220;"},"content":{"rendered":"\n<p>Herzlichen Dank f\u00fcr Teilnahme, Mitarbeit und gemeinsame Gestaltung der vergangenen Jahrestagung in Ludwigshafen (21.\/22.09.2022).<\/p>\n\n\n\n<p>Auf unserer Website finden Sie in der Dokumentation der Fachtagung <a href=\"https:\/\/www.eaf-bund.de\/schwerpunkte\/zeitpolitik\">\u201eJetzt wird\u2019s aber Zeit! &#8211; Eckpunkte f\u00fcr eine familienfreundliche Zeitpolitik\u201c<\/a> alle Vortr\u00e4ge, Denk- und Arbeitsprozesse abgebildet und k\u00f6nnen so noch einmal nachsp\u00fcren, wie wir zusammen in Ludwigshafen zum Thema <strong>Dynamische Familienarbeitszeit<\/strong> gearbeitet haben.<\/p>\n\n\n\n<p>Nach der Jahrestagung ist vor der Jahrestagung: Voller Vorfreude blicken wir auf das Wiedersehen im kommenden Jahr, dann tagen wir in Rendsburg (20.09.2023 bis 22.09.2023)!<\/p>\n\n\n\n<p>Herzliche Gr\u00fc\u00dfe<\/p>\n\n\n\n<p>Svenja Kraus<br>Bundesgesch\u00e4ftsf\u00fchrerin<br>evangelische arbeitsgemeinschaft familie e.V.<\/p>\n\n\n\n<p><\/p>\n","protected":false},"excerpt":{"rendered":"<p>Herzlichen Dank f\u00fcr Teilnahme, Mitarbeit und gemeinsame Gestaltung der vergangenen Jahrestagung in Ludwigshafen (21.\/22.09.2022). Auf unserer Website finden Sie in<\/p>\n","protected":false},"author":1,"featured_media":281,"comment_status":"closed","ping_status":"open","sticky":false,"template":"","format":"standard","meta":{"colormag_page_container_layout":"default_layout","colormag_page_sidebar_layout":"default_layout","footnotes":""},"categories":[6],"tags":[],"class_list":["post-280","post","type-post","status-publish","format-standard","has-post-thumbnail","hentry","category-eaf-bund"],"_links":{"self":[{"href":"https:\/\/eaf-pfalz.de\/index.php?rest_route=\/wp\/v2\/posts\/280","targetHints":{"allow":["GET"]}}],"collection":[{"href":"https:\/\/eaf-pfalz.de\/index.php?rest_route=\/wp\/v2\/posts"}],"about":[{"href":"https:\/\/eaf-pfalz.de\/index.php?rest_route=\/wp\/v2\/types\/post"}],"author":[{"embeddable":true,"href":"https:\/\/eaf-pfalz.de\/index.php?rest_route=\/wp\/v2\/users\/1"}],"replies":[{"embeddable":true,"href":"https:\/\/eaf-pfalz.de\/index.php?rest_route=%2Fwp%2Fv2%2Fcomments&post=280"}],"version-history":[{"count":1,"href":"https:\/\/eaf-pfalz.de\/index.php?rest_route=\/wp\/v2\/posts\/280\/revisions"}],"predecessor-version":[{"id":282,"href":"https:\/\/eaf-pfalz.de\/index.php?rest_route=\/wp\/v2\/posts\/280\/revisions\/282"}],"wp:featuredmedia":[{"embeddable":true,"href":"https:\/\/eaf-pfalz.de\/index.php?rest_route=\/wp\/v2\/media\/281"}],"wp:attachment":[{"href":"https:\/\/eaf-pfalz.de\/index.php?rest_route=%2Fwp%2Fv2%2Fmedia&parent=280"}],"wp:term":[{"taxonomy":"category","embeddable":true,"href":"https:\/\/eaf-pfalz.de\/index.php?rest_route=%2Fwp%2Fv2%2Fcategories&post=280"},{"taxonomy":"post_tag","embeddable":true,"href":"https:\/\/eaf-pfalz.de\/index.php?rest_route=%2Fwp%2Fv2%2Ftags&post=280"}],"curies":[{"name":"wp","href":"https:\/\/api.w.org\/{rel}","templated":true}]}}