{"id":284,"date":"2022-11-07T22:17:50","date_gmt":"2022-11-07T22:17:50","guid":{"rendered":"https:\/\/eaf-pfalz.de\/?p=284"},"modified":"2022-11-14T16:22:49","modified_gmt":"2022-11-14T16:22:49","slug":"wie-sag-ichs-meinen-eltern","status":"publish","type":"post","link":"https:\/\/eaf-pfalz.de\/?p=284","title":{"rendered":"<strong>\u201eWie sag ich\u00b4s meinen Eltern?\u201c<\/strong>"},"content":{"rendered":"\n<p><strong>Konflikte als Chance f\u00fcr die Gestaltung von Beziehungen<\/strong><\/p>\n\n\n\n<p>am<strong> 14. Dezember 2022 <\/strong>von 09:30 bis 14:00 Uhr <strong><em>online<\/em><\/strong><\/p>\n\n\n\n<p>Hinter jedem Konflikt stehen unerf\u00fcllte Bed\u00fcrfnisse, die es den Betreffenden erschweren, eine verbindende Kommunikation zu f\u00fchren.<\/p>\n\n\n\n<p>Uns interessiert der bewusste Perspektivwechsel in Situationen, in denen wir uns als Fachkraft besonders herausgefordert f\u00fchlen.<br>Gerade dann kann der Blick durch eine andere, vielleicht auch &#8222;Goldene Brille&#8220; den Kontakt zu einem Elternteil, einem Kind und auch zu Kolleg:innen wieder erm\u00f6glichen.<br><strong>Gemeinsam wollen wir schauen, wie Krisen und Konflikte in der Zusammenarbeit und bei Elterngespr\u00e4chen konstruktiv gel\u00f6st werden k\u00f6nnen.<\/strong><\/p>\n\n\n\n<p>Die Veranstaltung richtet sich an Vertreter:innen von Kindertagesst\u00e4tten, Familienzentren, Familienbildungsst\u00e4tten, Schulsozialarbeit, Mitarbeiter:innen kommunaler Beh\u00f6rden sowie Elternbegleiter:innen und Fachkr\u00e4fte aus Familienbildung, Beratung und sozialer Arbeit.<\/p>\n\n\n\n<p>Es wird eine <strong>Teilnahmegeb\u00fchr<\/strong> <strong>von 35 Euro<\/strong> erhoben.<\/p>\n\n\n\n<p><strong>Anmeldung:<\/strong> <a href=\"https:\/\/www.eaf-bund.de\/service\/veranstaltungen\/2022-12-14-wie-sag-ichs-meinen-eltern-konflikte-als-chance-fuer-die\">https:\/\/www.eaf-bund.de\/service\/veranstaltungen\/2022-12-14-wie-sag-ichs-meinen-eltern-konflikte-als-chance-fuer-die<\/a><\/p>\n","protected":false},"excerpt":{"rendered":"<p>Konflikte als Chance f\u00fcr die Gestaltung von Beziehungen am 14. Dezember 2022 von 09:30 bis 14:00 Uhr online Hinter jedem<\/p>\n","protected":false},"author":1,"featured_media":286,"comment_status":"closed","ping_status":"open","sticky":false,"template":"","format":"standard","meta":{"colormag_page_container_layout":"default_layout","colormag_page_sidebar_layout":"default_layout","footnotes":""},"categories":[13,33,27,7,39],"tags":[],"class_list":["post-284","post","type-post","status-publish","format-standard","has-post-thumbnail","hentry","category-digital","category-fachtag","category-online","category-veranstaltung","category-workshop"],"_links":{"self":[{"href":"https:\/\/eaf-pfalz.de\/index.php?rest_route=\/wp\/v2\/posts\/284","targetHints":{"allow":["GET"]}}],"collection":[{"href":"https:\/\/eaf-pfalz.de\/index.php?rest_route=\/wp\/v2\/posts"}],"about":[{"href":"https:\/\/eaf-pfalz.de\/index.php?rest_route=\/wp\/v2\/types\/post"}],"author":[{"embeddable":true,"href":"https:\/\/eaf-pfalz.de\/index.php?rest_route=\/wp\/v2\/users\/1"}],"replies":[{"embeddable":true,"href":"https:\/\/eaf-pfalz.de\/index.php?rest_route=%2Fwp%2Fv2%2Fcomments&post=284"}],"version-history":[{"count":4,"href":"https:\/\/eaf-pfalz.de\/index.php?rest_route=\/wp\/v2\/posts\/284\/revisions"}],"predecessor-version":[{"id":289,"href":"https:\/\/eaf-pfalz.de\/index.php?rest_route=\/wp\/v2\/posts\/284\/revisions\/289"}],"wp:featuredmedia":[{"embeddable":true,"href":"https:\/\/eaf-pfalz.de\/index.php?rest_route=\/wp\/v2\/media\/286"}],"wp:attachment":[{"href":"https:\/\/eaf-pfalz.de\/index.php?rest_route=%2Fwp%2Fv2%2Fmedia&parent=284"}],"wp:term":[{"taxonomy":"category","embeddable":true,"href":"https:\/\/eaf-pfalz.de\/index.php?rest_route=%2Fwp%2Fv2%2Fcategories&post=284"},{"taxonomy":"post_tag","embeddable":true,"href":"https:\/\/eaf-pfalz.de\/index.php?rest_route=%2Fwp%2Fv2%2Ftags&post=284"}],"curies":[{"name":"wp","href":"https:\/\/api.w.org\/{rel}","templated":true}]}}