{"id":290,"date":"2022-11-10T22:07:14","date_gmt":"2022-11-10T22:07:14","guid":{"rendered":"https:\/\/eaf-pfalz.de\/?p=290"},"modified":"2022-11-10T22:07:15","modified_gmt":"2022-11-10T22:07:15","slug":"ivonne-achtermann-neue-vorsitzende-der-eaf-pfalz","status":"publish","type":"post","link":"https:\/\/eaf-pfalz.de\/?p=290","title":{"rendered":"Ivonne Achtermann neue Vorsitzende der eaf Pfalz"},"content":{"rendered":"\n<p>Bei der diesj\u00e4hrigen Mitgliederversammlung der eaf Pfalz mit Neuwahlen, wurde der F\u00fchrungsstab von Annette Heinemeyer weitergegeben.<\/p>\n\n\n\n<p>Nachdem Frau Heinemeyer nicht mehr f\u00fcr ein Amt zur Verf\u00fcgung stand, hat die Mitgliederversammlung am 8. November Ivonne Achtermann zur ersten Vorsitzenden gew\u00e4hlt. Frau Achtermann hatte bereits im Juni die Gesch\u00e4ftsf\u00fchrung der eaf von Frau Heinemeyer \u00fcbernommen.<\/p>\n\n\n\n<p>Die weiteren Mitglieder des Vorstands, Frau Ute Dettweiler (Stell. Vorsitz) und Krau Kornelia Hmielorz (Beisitzerin), sowie die Kassenpr\u00fcfer, Herr Rolf Geisert und Herr J\u00fcrgen Schaaf, wurden in Ihren \u00c4mtern best\u00e4tigt. Herzlichen Dank f\u00fcr die Bereitschaft weiter im Verein t\u00e4tig zu sein.<\/p>\n\n\n\n<p>Die eaf Pfalz bedankt sich von Herzen bei Frau Heinemeyer f\u00fcr ihr Engagement und ihre geleistete Arbeit. Sie hat sich w\u00e4hrend Ihrer Amtszeit erfolgreich f\u00fcr die Belange von Familien eingesetzt und ihren Anliegen mehr politisches Gewicht gegeben.<\/p>\n","protected":false},"excerpt":{"rendered":"<p>Bei der diesj\u00e4hrigen Mitgliederversammlung der eaf Pfalz mit Neuwahlen, wurde der F\u00fchrungsstab von Annette Heinemeyer weitergegeben. Nachdem Frau Heinemeyer nicht<\/p>\n","protected":false},"author":1,"featured_media":292,"comment_status":"closed","ping_status":"open","sticky":false,"template":"","format":"standard","meta":{"colormag_page_container_layout":"default_layout","colormag_page_sidebar_layout":"default_layout","footnotes":""},"categories":[47,51],"tags":[49,48,50],"class_list":["post-290","post","type-post","status-publish","format-standard","has-post-thumbnail","hentry","category-eaf-pfalz","category-information","tag-eaf-pfalz","tag-information","tag-vorstand"],"_links":{"self":[{"href":"https:\/\/eaf-pfalz.de\/index.php?rest_route=\/wp\/v2\/posts\/290","targetHints":{"allow":["GET"]}}],"collection":[{"href":"https:\/\/eaf-pfalz.de\/index.php?rest_route=\/wp\/v2\/posts"}],"about":[{"href":"https:\/\/eaf-pfalz.de\/index.php?rest_route=\/wp\/v2\/types\/post"}],"author":[{"embeddable":true,"href":"https:\/\/eaf-pfalz.de\/index.php?rest_route=\/wp\/v2\/users\/1"}],"replies":[{"embeddable":true,"href":"https:\/\/eaf-pfalz.de\/index.php?rest_route=%2Fwp%2Fv2%2Fcomments&post=290"}],"version-history":[{"count":1,"href":"https:\/\/eaf-pfalz.de\/index.php?rest_route=\/wp\/v2\/posts\/290\/revisions"}],"predecessor-version":[{"id":291,"href":"https:\/\/eaf-pfalz.de\/index.php?rest_route=\/wp\/v2\/posts\/290\/revisions\/291"}],"wp:featuredmedia":[{"embeddable":true,"href":"https:\/\/eaf-pfalz.de\/index.php?rest_route=\/wp\/v2\/media\/292"}],"wp:attachment":[{"href":"https:\/\/eaf-pfalz.de\/index.php?rest_route=%2Fwp%2Fv2%2Fmedia&parent=290"}],"wp:term":[{"taxonomy":"category","embeddable":true,"href":"https:\/\/eaf-pfalz.de\/index.php?rest_route=%2Fwp%2Fv2%2Fcategories&post=290"},{"taxonomy":"post_tag","embeddable":true,"href":"https:\/\/eaf-pfalz.de\/index.php?rest_route=%2Fwp%2Fv2%2Ftags&post=290"}],"curies":[{"name":"wp","href":"https:\/\/api.w.org\/{rel}","templated":true}]}}