{"id":302,"date":"2022-11-16T11:30:50","date_gmt":"2022-11-16T11:30:50","guid":{"rendered":"https:\/\/eaf-pfalz.de\/?p=302"},"modified":"2022-11-16T11:32:11","modified_gmt":"2022-11-16T11:32:11","slug":"vielfaeltige-mehrkindfamilien-mit-vielfaeltigen-bedarfen-im-blick","status":"publish","type":"post","link":"https:\/\/eaf-pfalz.de\/?p=302","title":{"rendered":"<strong>Vielf\u00e4ltige Mehrkindfamilien mit vielf\u00e4ltigen Bedarfen im Blick<\/strong>"},"content":{"rendered":"\n<p><strong>Mehr als ein Viertel der Kinder in Deutschland w\u00e4chst mit zwei oder mehr Geschwistern auf<\/strong><\/p>\n\n\n\n<p>Mehrkindfamilien sind so vielf\u00e4ltig wie andere Familien auch. Es gibt besonders reiche und besonders arme Familien darunter, Alleinerziehende, Migrant:innen, Lebensgemeinschaften, Regenbogenfamilien.<\/p>\n\n\n\n<p>Die<em> evangelische arbeitsgemeinschaft familie<\/em> sieht sich durch die Ergebnisse der heute ver\u00f6ffentlichten Studie der Bertelsmann Stiftung in ihrer Auffassung best\u00e4tigt, dass die Interessen von Mehrkindfamilien in unserer Gesellschaft deutlich besser wahrgenommen werden m\u00fcssen. \u201eEs braucht ein Umdenken in Politik und Wirtschaft \u2013 also eine Abkehr von der Zwei-Kind-Norm\u201c, so Pr\u00e4sident Dr. Martin Bujard. \u201eFamilienangebote, die sich nicht automatisch auch auf Familien mit mehr als zwei Kinder beziehen, haben die Bezeichnung \u201efamilienfreundlich\u201c nicht verdient.\u201c<\/p>\n\n\n\n<p>Die in der Studie vorgestellten Reformvorschl\u00e4ge in Bezug auf Generationenvertrag, Armuts\u00adbek\u00e4mpfung und Kindergrundsicherung finden die volle Unterst\u00fctzung der eaf. Der evangelische Familienverband weist insbesondere darauf hin, dass mehr Kinder in einer Familie aber auch deutlich mehr Sorgearbeit bedeuten:<\/p>\n\n\n\n<p>\u201eGerade Familien mit mehr als zwei Kindern brauchen eine ihnen zugewandte Zeitpolitik. Wir ben\u00f6tigen L\u00f6sungen, die ausreichend Zeit f\u00fcr Sorgearbeit in der Familie erm\u00f6glichen, die Vereinbarkeit Familie und Beruf erleichtern und Partnerschaftlichkeit individuell gestalten lassen. Unser <strong>Konzept f\u00fcr eine Dynamische Familienarbeitszeit<\/strong> soll auch den vielf\u00e4ltigen Bed\u00fcrfnissen von gr\u00f6\u00dferen Familien gerecht werden\u201c, so Bujard.<\/p>\n\n\n\n<p>Ansprechpartnerin: Sigrid Andersen, E-Mail: <a href=\"mailto:andersen@eaf-bund.de\">andersen@eaf-bund.de<\/a><\/p>\n\n\n\n<p>Die evangelische arbeitsgemeinschaft familie e. V. (eaf) ist der familienpolitische Dachverband in der Evangelischen Kirche in Deutschland (EKD). Die Interessen der Evangelischen Familienbildung werden in der eaf vom Forum Familienbildung vertreten.<\/p>\n\n\n\n<p><strong><em>Weiterf\u00fchrende Informationen:<\/em><\/strong><br>\u2022Pressemitteilung der BertelsmannStiftung \u201eKinderarmut zeigt sich besonders bei<br>Mehrkindfamilien\u201c<br>\u2022Factsheet Mehrkindfamilien in Deutschland<br>\u2022Studie \u201eMehrkindfamilien gerecht werden &#8211; Bedarfe im Alltag von Familien mit drei und<br>mehr Kindern\u201c<br>\u2022eaf-Positionspapier: Eckpunkte f\u00fcr die Einf\u00fchrung einer Dynamischen Familienarbeitszeit <br><a href=\"https:\/\/www.eaf-bund.de\/sites\/default\/files\/2022-09\/Eckpunkte_Dynamische_Familienarbeitszeit.pdf\">https:\/\/www.eaf-bund.de\/sites\/default\/files\/2022-09\/Eckpunkte_Dynamische_Familienarbeitszeit.pdf<\/a><br>\u2022Web-Dokumentation der eaf-Fachtagung \u201eJetzt wird\u2019s aber Zeit! Eckpunkte f\u00fcr eine<br>familienfreundliche Zeitpolitik\u201c am 21. September 2022<br><a href=\"https:\/\/www.eaf-bund.de\/schwerpunkte\/zeitpolitik\">https:\/\/www.eaf-bund.de\/schwerpunkte\/zeitpolitik<\/a><\/p>\n","protected":false},"excerpt":{"rendered":"<p>Mehr als ein Viertel der Kinder in Deutschland w\u00e4chst mit zwei oder mehr Geschwistern auf Mehrkindfamilien sind so vielf\u00e4ltig wie<\/p>\n","protected":false},"author":1,"featured_media":305,"comment_status":"closed","ping_status":"open","sticky":false,"template":"","format":"standard","meta":{"colormag_page_container_layout":"default_layout","colormag_page_sidebar_layout":"default_layout","footnotes":""},"categories":[6,5],"tags":[],"class_list":["post-302","post","type-post","status-publish","format-standard","has-post-thumbnail","hentry","category-eaf-bund","category-pressemitteilung"],"_links":{"self":[{"href":"https:\/\/eaf-pfalz.de\/index.php?rest_route=\/wp\/v2\/posts\/302","targetHints":{"allow":["GET"]}}],"collection":[{"href":"https:\/\/eaf-pfalz.de\/index.php?rest_route=\/wp\/v2\/posts"}],"about":[{"href":"https:\/\/eaf-pfalz.de\/index.php?rest_route=\/wp\/v2\/types\/post"}],"author":[{"embeddable":true,"href":"https:\/\/eaf-pfalz.de\/index.php?rest_route=\/wp\/v2\/users\/1"}],"replies":[{"embeddable":true,"href":"https:\/\/eaf-pfalz.de\/index.php?rest_route=%2Fwp%2Fv2%2Fcomments&post=302"}],"version-history":[{"count":1,"href":"https:\/\/eaf-pfalz.de\/index.php?rest_route=\/wp\/v2\/posts\/302\/revisions"}],"predecessor-version":[{"id":303,"href":"https:\/\/eaf-pfalz.de\/index.php?rest_route=\/wp\/v2\/posts\/302\/revisions\/303"}],"wp:featuredmedia":[{"embeddable":true,"href":"https:\/\/eaf-pfalz.de\/index.php?rest_route=\/wp\/v2\/media\/305"}],"wp:attachment":[{"href":"https:\/\/eaf-pfalz.de\/index.php?rest_route=%2Fwp%2Fv2%2Fmedia&parent=302"}],"wp:term":[{"taxonomy":"category","embeddable":true,"href":"https:\/\/eaf-pfalz.de\/index.php?rest_route=%2Fwp%2Fv2%2Fcategories&post=302"},{"taxonomy":"post_tag","embeddable":true,"href":"https:\/\/eaf-pfalz.de\/index.php?rest_route=%2Fwp%2Fv2%2Ftags&post=302"}],"curies":[{"name":"wp","href":"https:\/\/api.w.org\/{rel}","templated":true}]}}