{"id":307,"date":"2022-12-05T11:04:30","date_gmt":"2022-12-05T11:04:30","guid":{"rendered":"https:\/\/eaf-pfalz.de\/?p=307"},"modified":"2022-12-05T11:04:32","modified_gmt":"2022-12-05T11:04:32","slug":"ich-krieg-die-krise-ueberleben-in-der-dauerkrise","status":"publish","type":"post","link":"https:\/\/eaf-pfalz.de\/?p=307","title":{"rendered":"Ich krieg die Krise \u2013<br>(\u00dcber)Leben in der Dauerkrise"},"content":{"rendered":"\n<p><strong>Digitalen Dialogveranstaltung<\/strong> des Konsortiums Elternchance im Rahmen des Bundesprojekts \u201eVerstetigung und Qualit\u00e4tssicherung von Elternbegleitung\u201c:<\/p>\n\n\n\n<p>am <strong>26. Januar 2023, 10.00\u200a\u201316.30 Uhr<\/strong><\/p>\n\n\n\n<p>Die Lebens- und Arbeitswelten von Familien und Fachkr\u00e4ften in der Familienbildung haben sich in den letzten Jahren rasant ver\u00e4ndert und zu neuen Herausforderungen im Alltag gef\u00fchrt. Wir wollen miteinander ins Gespr\u00e4ch kommen, Fachimpulse diskutieren und gemeinsam neue Wege der Familienbildungsarbeit ausloten und entwickeln.<\/p>\n\n\n\n<p><\/p>\n\n\n\n<div data-wp-interactive=\"core\/file\" class=\"wp-block-file\"><object data-wp-bind--hidden=\"!state.hasPdfPreview\" hidden class=\"wp-block-file__embed\" data=\"https:\/\/eaf-pfalz.de\/wp-content\/uploads\/2022\/12\/Einladung-Ich-krieg-die-Krise-am-26.1.23.pdf\" type=\"application\/pdf\" style=\"width:100%;height:600px\" aria-label=\"Einbettung von Einladung Ich krieg die Krise am 26.1.23.\"><\/object><a id=\"wp-block-file--media-c5fe4be9-850a-43c5-8387-3bf99f4e8d66\" href=\"https:\/\/eaf-pfalz.de\/wp-content\/uploads\/2022\/12\/Einladung-Ich-krieg-die-Krise-am-26.1.23.pdf\">Einladung Ich krieg die Krise am 26.1.23<\/a><a href=\"https:\/\/eaf-pfalz.de\/wp-content\/uploads\/2022\/12\/Einladung-Ich-krieg-die-Krise-am-26.1.23.pdf\" class=\"wp-block-file__button wp-element-button\" download aria-describedby=\"wp-block-file--media-c5fe4be9-850a-43c5-8387-3bf99f4e8d66\">Herunterladen<\/a><\/div>\n\n\n\n<p><a href=\"https:\/\/pretix.eu\/KonsortiumElternchance\/DigitaleDialogveranstaltung\/\">>> Anmeldung<\/a><\/p>\n\n\n\n<p>Wir freuen uns auf Ihre Teilnahme, spannende Impulse und einen bereichernden Austausch.<\/p>\n","protected":false},"excerpt":{"rendered":"<p>Digitalen Dialogveranstaltung des Konsortiums Elternchance im Rahmen des Bundesprojekts \u201eVerstetigung und Qualit\u00e4tssicherung von Elternbegleitung\u201c: am 26. Januar 2023, 10.00\u200a\u201316.30 Uhr<\/p>\n","protected":false},"author":1,"featured_media":314,"comment_status":"closed","ping_status":"open","sticky":false,"template":"","format":"standard","meta":{"colormag_page_container_layout":"default_layout","colormag_page_sidebar_layout":"default_layout","footnotes":""},"categories":[13,6,51,27,7,39],"tags":[],"class_list":["post-307","post","type-post","status-publish","format-standard","has-post-thumbnail","hentry","category-digital","category-eaf-bund","category-information","category-online","category-veranstaltung","category-workshop"],"_links":{"self":[{"href":"https:\/\/eaf-pfalz.de\/index.php?rest_route=\/wp\/v2\/posts\/307","targetHints":{"allow":["GET"]}}],"collection":[{"href":"https:\/\/eaf-pfalz.de\/index.php?rest_route=\/wp\/v2\/posts"}],"about":[{"href":"https:\/\/eaf-pfalz.de\/index.php?rest_route=\/wp\/v2\/types\/post"}],"author":[{"embeddable":true,"href":"https:\/\/eaf-pfalz.de\/index.php?rest_route=\/wp\/v2\/users\/1"}],"replies":[{"embeddable":true,"href":"https:\/\/eaf-pfalz.de\/index.php?rest_route=%2Fwp%2Fv2%2Fcomments&post=307"}],"version-history":[{"count":5,"href":"https:\/\/eaf-pfalz.de\/index.php?rest_route=\/wp\/v2\/posts\/307\/revisions"}],"predecessor-version":[{"id":313,"href":"https:\/\/eaf-pfalz.de\/index.php?rest_route=\/wp\/v2\/posts\/307\/revisions\/313"}],"wp:featuredmedia":[{"embeddable":true,"href":"https:\/\/eaf-pfalz.de\/index.php?rest_route=\/wp\/v2\/media\/314"}],"wp:attachment":[{"href":"https:\/\/eaf-pfalz.de\/index.php?rest_route=%2Fwp%2Fv2%2Fmedia&parent=307"}],"wp:term":[{"taxonomy":"category","embeddable":true,"href":"https:\/\/eaf-pfalz.de\/index.php?rest_route=%2Fwp%2Fv2%2Fcategories&post=307"},{"taxonomy":"post_tag","embeddable":true,"href":"https:\/\/eaf-pfalz.de\/index.php?rest_route=%2Fwp%2Fv2%2Ftags&post=307"}],"curies":[{"name":"wp","href":"https:\/\/api.w.org\/{rel}","templated":true}]}}