{"id":332,"date":"2022-12-14T14:16:42","date_gmt":"2022-12-14T14:16:42","guid":{"rendered":"https:\/\/eaf-pfalz.de\/?p=332"},"modified":"2022-12-14T14:16:44","modified_gmt":"2022-12-14T14:16:44","slug":"online-lesung-generation-ziemlich-beste-freunde","status":"publish","type":"post","link":"https:\/\/eaf-pfalz.de\/?p=332","title":{"rendered":"Online-Lesung: Generation ziemlich beste Freunde"},"content":{"rendered":"\n<p>Herzliche Einladung zu unserer Online Veranstaltung am <strong>16. Februar 2023,\u00a019.30 &#8211; 21.30 Uhr<\/strong>. <br>Die Autorin <strong>Gerlinde Unverzagt<\/strong> wird aus ihrem Buch <strong>Generation ziemlich beste Freunde\u00a0&#8211; Warum es heute so schwierig ist, die erwachsenen Kinder loszulassen <\/strong>vorlesen. Im Anschluss wollen wir miteinander ins Gespr\u00e4ch kommen. Wir freuen uns auf einen lebendigen Austausch und w\u00fcrden uns freuen, Sie begr\u00fc\u00dfen zu k\u00f6nnen.<\/p>\n\n\n\n<p>Mehr Informationen und das Anmeldeformular finden Sie hier: <a href=\"https:\/\/www.eaf-bund.de\/service\/veranstaltungen\/2023-02-16-generation-ziemlich-beste-freunde-kurs-o-21\">https:\/\/www.eaf-bund.de\/service\/veranstaltungen\/2023-02-16-generation-ziemlich-beste-freunde-kurs-o-21<\/a><\/p>\n","protected":false},"excerpt":{"rendered":"<p>Herzliche Einladung zu unserer Online Veranstaltung am 16. Februar 2023,\u00a019.30 &#8211; 21.30 Uhr. Die Autorin Gerlinde Unverzagt wird aus ihrem<\/p>\n","protected":false},"author":1,"featured_media":334,"comment_status":"closed","ping_status":"open","sticky":false,"template":"","format":"standard","meta":{"colormag_page_container_layout":"default_layout","colormag_page_sidebar_layout":"default_layout","footnotes":""},"categories":[13,6,23,27,5,22,7],"tags":[],"class_list":["post-332","post","type-post","status-publish","format-standard","has-post-thumbnail","hentry","category-digital","category-eaf-bund","category-familienbildung","category-online","category-pressemitteilung","category-tipp","category-veranstaltung"],"_links":{"self":[{"href":"https:\/\/eaf-pfalz.de\/index.php?rest_route=\/wp\/v2\/posts\/332","targetHints":{"allow":["GET"]}}],"collection":[{"href":"https:\/\/eaf-pfalz.de\/index.php?rest_route=\/wp\/v2\/posts"}],"about":[{"href":"https:\/\/eaf-pfalz.de\/index.php?rest_route=\/wp\/v2\/types\/post"}],"author":[{"embeddable":true,"href":"https:\/\/eaf-pfalz.de\/index.php?rest_route=\/wp\/v2\/users\/1"}],"replies":[{"embeddable":true,"href":"https:\/\/eaf-pfalz.de\/index.php?rest_route=%2Fwp%2Fv2%2Fcomments&post=332"}],"version-history":[{"count":2,"href":"https:\/\/eaf-pfalz.de\/index.php?rest_route=\/wp\/v2\/posts\/332\/revisions"}],"predecessor-version":[{"id":335,"href":"https:\/\/eaf-pfalz.de\/index.php?rest_route=\/wp\/v2\/posts\/332\/revisions\/335"}],"wp:featuredmedia":[{"embeddable":true,"href":"https:\/\/eaf-pfalz.de\/index.php?rest_route=\/wp\/v2\/media\/334"}],"wp:attachment":[{"href":"https:\/\/eaf-pfalz.de\/index.php?rest_route=%2Fwp%2Fv2%2Fmedia&parent=332"}],"wp:term":[{"taxonomy":"category","embeddable":true,"href":"https:\/\/eaf-pfalz.de\/index.php?rest_route=%2Fwp%2Fv2%2Fcategories&post=332"},{"taxonomy":"post_tag","embeddable":true,"href":"https:\/\/eaf-pfalz.de\/index.php?rest_route=%2Fwp%2Fv2%2Ftags&post=332"}],"curies":[{"name":"wp","href":"https:\/\/api.w.org\/{rel}","templated":true}]}}