{"id":337,"date":"2023-01-20T01:01:10","date_gmt":"2023-01-20T01:01:10","guid":{"rendered":"https:\/\/eaf-pfalz.de\/?p=337"},"modified":"2023-01-20T01:01:11","modified_gmt":"2023-01-20T01:01:11","slug":"coronakids-was-wir-jetzt-tun-muessen-um-unsere-kinder-vor-den-seelischen-folgen-der-pandemie-zu-schuetzen","status":"publish","type":"post","link":"https:\/\/eaf-pfalz.de\/?p=337","title":{"rendered":"<strong>Coronakids \u2013 Was wir jetzt tun m\u00fcssen, um unsere Kinder vor den seelischen Folgen der Pandemie zu sch\u00fctzen\u201c<\/strong>"},"content":{"rendered":"\n<p>Online-Vortrag am <strong>21. M\u00e4rz 2023, 19:30-21:30 Uhr <\/strong>von Neurobiologin Nicole Str\u00fcber<\/p>\n\n\n\n<p><strong>Ab 19:00 Uhr: Check-in auf der Videoplattform Zoom<\/strong><\/p>\n\n\n\n<p>Wie wir wissen, hat die Corona-Pandemie besonders bei Kindern und Jugendlichen Spuren hinterlassen: Viele sind gereizt, gestresst oder ziehen sich zur\u00fcck. Wichtige Entwicklungen im kindlichen Gehirn fanden w\u00e4hrend der Lockdown-Phasen nur eingeschr\u00e4nkt statt \u2013 das k\u00f6nnte die seelische Gesundheit einer ganzen Generation gef\u00e4hrden.<br><br>Neurobiologin Nicole Str\u00fcber erkl\u00e4rt, was wir tun m\u00fcssen, damit unsere Kinder die Pandemie gut verarbeiten. Kinder, die gen\u00fcgend Ressourcen haben, k\u00f6nnen die verpassten Entwicklungen aufholen, aber sie brauchen jetzt unsere Unterst\u00fctzung, mehr Verst\u00e4ndnis und viel freie Zeit, um ihren emotionalen und sozialen Bed\u00fcrfnissen nachzugehen. Kinder, deren Familien nur wenige Ressourcen haben, d\u00fcrfen wir dabei nicht aus den Augen verlieren. Besonnen, undogmatisch und mit zahlreichen Einblicken von Expert:innen aus Psychologie, Medizin und P\u00e4dagogik gibt sie konkrete Antworten und Akuthilfe an die Hand.<\/p>\n\n\n\n<p>Wir laden Sie herzlich ein und freuen uns auf einen interessanten Abend mit Nicole Str\u00fcber, Autorin des Buches \u201eCoronakids \u2013 Was wir jetzt tun m\u00fcssen, um unsere Kinder vor den seelischen Folgen der Pandemie zu sch\u00fctzen\u201c:<br><a target=\"_blank\" href=\"https:\/\/www.nicolestrueber.de\/\" rel=\"noreferrer noopener\">https:\/\/www.nicolestrueber.de<\/a><br><a target=\"_blank\" href=\"https:\/\/www.beltz.de\/sachbuch_ratgeber\/produkte\/details\/46849-coronakids.html\" rel=\"noreferrer noopener\">https:\/\/www.beltz.de\/sachbuch_ratgeber\/produkte\/details\/46849-coronakids.html<\/a><\/p>\n\n\n\n<p>Mehr Informationen und das Anmeldeformular finden Sie hier: <br><a href=\"https:\/\/www.eaf-bund.de\/service\/veranstaltungen\/2023-03-21-coronakids-k-o-22\">https:\/\/www.eaf-bund.de\/service\/veranstaltungen\/2023-03-21-coronakids-k-o-22<\/a><\/p>\n","protected":false},"excerpt":{"rendered":"<p>Online-Vortrag am 21. M\u00e4rz 2023, 19:30-21:30 Uhr von Neurobiologin Nicole Str\u00fcber Ab 19:00 Uhr: Check-in auf der Videoplattform Zoom Wie<\/p>\n","protected":false},"author":1,"featured_media":338,"comment_status":"closed","ping_status":"open","sticky":false,"template":"","format":"standard","meta":{"colormag_page_container_layout":"default_layout","colormag_page_sidebar_layout":"default_layout","footnotes":""},"categories":[13,6,51,27,22,7],"tags":[53,16,52,54],"class_list":["post-337","post","type-post","status-publish","format-standard","has-post-thumbnail","hentry","category-digital","category-eaf-bund","category-information","category-online","category-tipp","category-veranstaltung","tag-corona","tag-online","tag-pandemie","tag-vortrag"],"_links":{"self":[{"href":"https:\/\/eaf-pfalz.de\/index.php?rest_route=\/wp\/v2\/posts\/337","targetHints":{"allow":["GET"]}}],"collection":[{"href":"https:\/\/eaf-pfalz.de\/index.php?rest_route=\/wp\/v2\/posts"}],"about":[{"href":"https:\/\/eaf-pfalz.de\/index.php?rest_route=\/wp\/v2\/types\/post"}],"author":[{"embeddable":true,"href":"https:\/\/eaf-pfalz.de\/index.php?rest_route=\/wp\/v2\/users\/1"}],"replies":[{"embeddable":true,"href":"https:\/\/eaf-pfalz.de\/index.php?rest_route=%2Fwp%2Fv2%2Fcomments&post=337"}],"version-history":[{"count":1,"href":"https:\/\/eaf-pfalz.de\/index.php?rest_route=\/wp\/v2\/posts\/337\/revisions"}],"predecessor-version":[{"id":339,"href":"https:\/\/eaf-pfalz.de\/index.php?rest_route=\/wp\/v2\/posts\/337\/revisions\/339"}],"wp:featuredmedia":[{"embeddable":true,"href":"https:\/\/eaf-pfalz.de\/index.php?rest_route=\/wp\/v2\/media\/338"}],"wp:attachment":[{"href":"https:\/\/eaf-pfalz.de\/index.php?rest_route=%2Fwp%2Fv2%2Fmedia&parent=337"}],"wp:term":[{"taxonomy":"category","embeddable":true,"href":"https:\/\/eaf-pfalz.de\/index.php?rest_route=%2Fwp%2Fv2%2Fcategories&post=337"},{"taxonomy":"post_tag","embeddable":true,"href":"https:\/\/eaf-pfalz.de\/index.php?rest_route=%2Fwp%2Fv2%2Ftags&post=337"}],"curies":[{"name":"wp","href":"https:\/\/api.w.org\/{rel}","templated":true}]}}