{"id":345,"date":"2023-01-26T21:43:54","date_gmt":"2023-01-26T21:43:54","guid":{"rendered":"https:\/\/eaf-pfalz.de\/?p=345"},"modified":"2023-01-30T12:10:54","modified_gmt":"2023-01-30T12:10:54","slug":"digitale-fachtagung-demokratiefoerderung-und-partizipation-mit-familien","status":"publish","type":"post","link":"https:\/\/eaf-pfalz.de\/?p=345","title":{"rendered":"Digitale Fachtagung \u201eDemokratief\u00f6rderung und Partizipation mit Familien\u201c"},"content":{"rendered":"\n<p><strong>21.03.2023 09.30 &#8211; 15.30 Uhr<\/strong><\/p>\n\n\n\n<p>Eingeladen sind Mitarbeitende aus dem gesamten Bereich der familienbezogenen Arbeit (Jugend\u00e4mter und Verwaltungen, Familienzentren, -ferien und -bildungsst\u00e4tten, Kitas und Eltern-Kind-zentren, Familienverb\u00e4nde, u.v.m.), Mitglieder des Landesjugendhilfeausschusses und Abgeordnete aus dem Landtag.<\/p>\n\n\n\n<p>Die fr\u00fchen Kindheitserfahrungen sind pr\u00e4gend f\u00fcr das ganze weitere Leben, das gilt auch f\u00fcr die Einstellung zur Demokratie. Der Familie kommt in der demokratischen Bildung junger Menschen eine wesentliche Rolle zu. Der Einfluss von Familien auf die politische Sozialisation junger Menschen reicht von der Herausbildung grundlegender Werte und konkreter Erfahrungen von Mitbestimmung im Familienalltag \u00fcber den Einfluss auf politische Orientierungen und Verhaltensweisen bis hin zur Tradierung pers\u00f6nlicher Erlebnisse der Gro\u00dfelternund Elterngeneration, die nie spurlos an den politischen Einstellungen von Jugendlichen vor\u00fcbergehen.<\/p>\n\n\n\n<p>In der Familie sind demokratische Prinzipien erlebbar: das Aushalten anderer Meinungen, die Toleranz gegen\u00fcber anderen Einstellungen und Erfahrungen, die Suche nach Kompromissen u.v.m.. Angebote der Familienbildung k\u00f6nnen Eltern bei dieser wichtigen Aufgabe unterst\u00fctzen. Eltern m\u00fcssen aber auch selbst die Erfahrung machen k\u00f6nnen, dass ihre Meinung z\u00e4hlt und sie sich z.B. bei kommunalen Planungen einbringen k\u00f6nnen.<\/p>\n\n\n\n<p>Die Beteiligung von Familien kann auch unter schwierigen Bedingungen wie Zeitmangel, schwerer Erreichbarkeit oder Politikverdrossenheit gelingen &#8211; mit kreativen Ans\u00e4tzen, Kommunikation auf Augenh\u00f6he und der Erfahrung, dass Beteiligung wirklich etwas ver\u00e4ndern kann. Das gilt nicht nur f\u00fcr die politische Ebene, sondern auch auf Einrichtungsebene in Kita, Schule und Hort. Der Aufbau und das Gelingen von Beteiligungsstrukturen erfordert einige Vorleistung und die Haltung, dass Beteiligung keine Einbahnstra\u00dfe ist.<\/p>\n\n\n\n<p><strong>Weitere Informationen:<\/strong><\/p>\n\n\n\n<ul class=\"wp-block-list\">\n<li><strong><a href=\"https:\/\/www.familieninfo-sachsen-anhalt.de\/grafik\/Flyer%20Fachtag%20Demokratie%202023.pdf\">Flyer<\/a><\/strong><\/li>\n\n\n\n<li><strong><a href=\"https:\/\/www.familieninfo-sachsen-anhalt.de\/grafik\/Anmeldung%20zur%20Fachtagung-2023-VK.pdf\">Anmeldung&nbsp;<\/a><\/strong><\/li>\n<\/ul>\n","protected":false},"excerpt":{"rendered":"<p>21.03.2023 09.30 &#8211; 15.30 Uhr Eingeladen sind Mitarbeitende aus dem gesamten Bereich der familienbezogenen Arbeit (Jugend\u00e4mter und Verwaltungen, Familienzentren, -ferien<\/p>\n","protected":false},"author":1,"featured_media":348,"comment_status":"closed","ping_status":"open","sticky":false,"template":"","format":"standard","meta":{"colormag_page_container_layout":"default_layout","colormag_page_sidebar_layout":"default_layout","footnotes":""},"categories":[13,6,33,7],"tags":[56,10,57],"class_list":["post-345","post","type-post","status-publish","format-standard","has-post-thumbnail","hentry","category-digital","category-eaf-bund","category-fachtag","category-veranstaltung","tag-demokratie","tag-familie","tag-partizipation"],"_links":{"self":[{"href":"https:\/\/eaf-pfalz.de\/index.php?rest_route=\/wp\/v2\/posts\/345","targetHints":{"allow":["GET"]}}],"collection":[{"href":"https:\/\/eaf-pfalz.de\/index.php?rest_route=\/wp\/v2\/posts"}],"about":[{"href":"https:\/\/eaf-pfalz.de\/index.php?rest_route=\/wp\/v2\/types\/post"}],"author":[{"embeddable":true,"href":"https:\/\/eaf-pfalz.de\/index.php?rest_route=\/wp\/v2\/users\/1"}],"replies":[{"embeddable":true,"href":"https:\/\/eaf-pfalz.de\/index.php?rest_route=%2Fwp%2Fv2%2Fcomments&post=345"}],"version-history":[{"count":4,"href":"https:\/\/eaf-pfalz.de\/index.php?rest_route=\/wp\/v2\/posts\/345\/revisions"}],"predecessor-version":[{"id":355,"href":"https:\/\/eaf-pfalz.de\/index.php?rest_route=\/wp\/v2\/posts\/345\/revisions\/355"}],"wp:featuredmedia":[{"embeddable":true,"href":"https:\/\/eaf-pfalz.de\/index.php?rest_route=\/wp\/v2\/media\/348"}],"wp:attachment":[{"href":"https:\/\/eaf-pfalz.de\/index.php?rest_route=%2Fwp%2Fv2%2Fmedia&parent=345"}],"wp:term":[{"taxonomy":"category","embeddable":true,"href":"https:\/\/eaf-pfalz.de\/index.php?rest_route=%2Fwp%2Fv2%2Fcategories&post=345"},{"taxonomy":"post_tag","embeddable":true,"href":"https:\/\/eaf-pfalz.de\/index.php?rest_route=%2Fwp%2Fv2%2Ftags&post=345"}],"curies":[{"name":"wp","href":"https:\/\/api.w.org\/{rel}","templated":true}]}}