{"id":351,"date":"2023-01-30T12:08:52","date_gmt":"2023-01-30T12:08:52","guid":{"rendered":"https:\/\/eaf-pfalz.de\/?p=351"},"modified":"2023-01-30T12:08:53","modified_gmt":"2023-01-30T12:08:53","slug":"junge-erwachsene-bleiben-auf-der-strecke","status":"publish","type":"post","link":"https:\/\/eaf-pfalz.de\/?p=351","title":{"rendered":"<strong>Junge Erwachsene bleiben auf der Strecke<\/strong>"},"content":{"rendered":"\n<p><strong>eaf: Fokus auf armutsbetroffene Jugendliche richten<\/strong>!<\/p>\n\n\n\n<p><strong>Pressemitteilung vom 26. Januar 2023<\/strong><\/p>\n\n\n\n<p><strong>Berlin.<\/strong> Das neue Factsheet der Bertelsmann-Stiftung best\u00e4tigt, was die <em>eaf <\/em>seit 2020 beobachtet: \u201eErwachsenwerden in Krisenzeiten ist eine besondere Herausforderung und eine Erfahrung, auf die Jugendliche gern verzichtet h\u00e4tten\u201c, so Svenja Kraus, Gesch\u00e4ftsf\u00fchrerin der evangelischen arbeitsgemeinschaft familie e. V. (eaf).<\/p>\n\n\n\n<p>Die neusten Daten der Stiftung zeigen, dass 18- bis 25-J\u00e4hrige von allen Altersgruppen das h\u00f6chste Armutsrisiko haben und die staatlichen Unterst\u00fctzungssysteme nicht gut aufeinander abgestimmt sind. \u201eJunge Menschen brauchen die Sicherheit, dass der Staat unkompliziert zur Hilfe kommt, wenn es in der Familie finanziell eng ist\u201c, so Kraus. \u201eEin vorsorgender Sozialstaat muss Armut vermeiden. Heute ist es leider immer noch so, dass Kinder Armut als Dauerzustand erleben, der sie begrenzt, stigmatisiert und besch\u00e4mt. Diese Erfahrung pr\u00e4gt sie ein Leben lang.\u201c<\/p>\n\n\n\n<p>Jedes f\u00fcnfte Kind und sogar jede:r vierte junge Erwachsene unter 25 Jahren ist armutsgef\u00e4hrdet. Vor dem Hintergrund dieser starken Armutsverbreitung ist der Appell des evangelischen Familienverbandes deutlich: \u201eNachdem die Bed\u00fcrfnisse von jungen Menschen in der Corona-Pandemie zur Nebensache erkl\u00e4rt wurden und der russische Angriffskrieg nun wieder andere existenzielle Fragen in den Vordergrund r\u00fcckt, m\u00fcssen wir als Gesellschaft den Tatsachen ins Auge blicken: Jugendliche und junge Erwachsene bleiben zu oft auf der Strecke. Wir aber m\u00fcssen alles in unserer Macht Stehende tun, um jungen Menschen eine Perspektive zu bieten und sie mit Zuversicht in die Welt der Erwachsenen zu entlassen. Deshalb bleibt \u2013 zumindest was die Bek\u00e4mpfung von Armut angeht &#8211; die Forderung nach einer Kindergrundsicherung aktuell, bis Ministerin Paus auch f\u00fcr junge Erwachsene eine sp\u00fcrbare Verbesserung ihrer Situation herbeigef\u00fchrt hat.\u201c<\/p>\n\n\n\n<p><a>Ansprechpartnerin:\u00a0 Konstanze Hartmann-Boudol, E-Mail: <\/a><a href=\"hartmann-boudol@eaf-bund.de\">hartmann-boudol@eaf-bund.de<\/a><\/p>\n","protected":false},"excerpt":{"rendered":"<p>eaf: Fokus auf armutsbetroffene Jugendliche richten! Pressemitteilung vom 26. Januar 2023 Berlin. Das neue Factsheet der Bertelsmann-Stiftung best\u00e4tigt, was die<\/p>\n","protected":false},"author":1,"featured_media":353,"comment_status":"closed","ping_status":"open","sticky":false,"template":"","format":"standard","meta":{"colormag_page_container_layout":"default_layout","colormag_page_sidebar_layout":"default_layout","footnotes":""},"categories":[6,5],"tags":[],"class_list":["post-351","post","type-post","status-publish","format-standard","has-post-thumbnail","hentry","category-eaf-bund","category-pressemitteilung"],"_links":{"self":[{"href":"https:\/\/eaf-pfalz.de\/index.php?rest_route=\/wp\/v2\/posts\/351","targetHints":{"allow":["GET"]}}],"collection":[{"href":"https:\/\/eaf-pfalz.de\/index.php?rest_route=\/wp\/v2\/posts"}],"about":[{"href":"https:\/\/eaf-pfalz.de\/index.php?rest_route=\/wp\/v2\/types\/post"}],"author":[{"embeddable":true,"href":"https:\/\/eaf-pfalz.de\/index.php?rest_route=\/wp\/v2\/users\/1"}],"replies":[{"embeddable":true,"href":"https:\/\/eaf-pfalz.de\/index.php?rest_route=%2Fwp%2Fv2%2Fcomments&post=351"}],"version-history":[{"count":2,"href":"https:\/\/eaf-pfalz.de\/index.php?rest_route=\/wp\/v2\/posts\/351\/revisions"}],"predecessor-version":[{"id":354,"href":"https:\/\/eaf-pfalz.de\/index.php?rest_route=\/wp\/v2\/posts\/351\/revisions\/354"}],"wp:featuredmedia":[{"embeddable":true,"href":"https:\/\/eaf-pfalz.de\/index.php?rest_route=\/wp\/v2\/media\/353"}],"wp:attachment":[{"href":"https:\/\/eaf-pfalz.de\/index.php?rest_route=%2Fwp%2Fv2%2Fmedia&parent=351"}],"wp:term":[{"taxonomy":"category","embeddable":true,"href":"https:\/\/eaf-pfalz.de\/index.php?rest_route=%2Fwp%2Fv2%2Fcategories&post=351"},{"taxonomy":"post_tag","embeddable":true,"href":"https:\/\/eaf-pfalz.de\/index.php?rest_route=%2Fwp%2Fv2%2Ftags&post=351"}],"curies":[{"name":"wp","href":"https:\/\/api.w.org\/{rel}","templated":true}]}}