{"id":360,"date":"2023-02-13T11:09:18","date_gmt":"2023-02-13T11:09:18","guid":{"rendered":"https:\/\/eaf-pfalz.de\/?p=360"},"modified":"2023-02-13T11:09:20","modified_gmt":"2023-02-13T11:09:20","slug":"ima-bericht-verdeutlicht-gravierende-folgen-der-schulschliessungen-fuer-kinder-und-jugendliche","status":"publish","type":"post","link":"https:\/\/eaf-pfalz.de\/?p=360","title":{"rendered":"IMA-Bericht verdeutlicht gravierende Folgen der Schulschlie\u00dfungen f\u00fcr Kinder und Jugendliche"},"content":{"rendered":"\n<p><strong>eaf fordert fr\u00fchere Einbindung der Familienverb\u00e4nde als Lobby der Betroffenen<\/strong><\/p>\n\n\n\n<p><strong><em>Pressemitteilung vom 09. Februar 2023<\/em><\/strong><\/p>\n\n\n\n<p><strong>Berlin<\/strong>. Die evangelische arbeitsgemeinschaft familie (eaf) sieht sich durch die Ergebnisse des Abschlussberichts der Interministeriellen Arbeitsgruppe \u201eGesundheitliche Auswirkungen auf Kinder und Jugendliche durch Corona\u201c in ihrer Forderung best\u00e4rkt, dass die Bed\u00fcrfnisse von Kindern, Jugendlichen und ihren Familien in Krisen sehr viel fr\u00fcher beachtet und sehr viel konstanter ber\u00fccksichtigt werden m\u00fcssen.<\/p>\n\n\n\n<p>\u201eWelche schwerwiegenden Auswirkungen teils monatelange Schulschlie\u00dfungen auf die psy\u00adchische Gesundheit der Kinder und Jugendlichen und damit auf das Leben der Familien haben, darauf hat die eaf bereits 2020 und 2021 hingewiesen\u201c, betont eaf-Pr\u00e4sident Professor Martin Bujard. \u201eWir unterst\u00fctzen deshalb die von der Arbeitsgruppe vorgeschlagenen Handlungs\u00adempfehlungen ausdr\u00fccklich. Diese sollten zeitnah umgesetzt werden. Mit Blick auf zuk\u00fcnftige Krisen gehen wir aber noch dar\u00fcber hinaus: In Entscheidungen von so gro\u00dfer Tragweite, wie es die Schulschlie\u00dfungen waren, m\u00fcssen Familienverb\u00e4nde als Lobby der Betroffenen von Anfang an mit eingebunden werden. Denn sie sind es, die die Sicht der Familien kompetent in politischen \u00dcberlegungen und Abstimmungsprozesse einbringen k\u00f6nnen.\u201c<\/p>\n\n\n\n<p>Um den Herausforderungen und Bed\u00fcrfnissen von Familien \u00fcber akute Krisen hinaus Geh\u00f6r zu verschaffen, wiederholt die eaf ihren Ruf nach einem Familiengipfel im Kanzleramt. \u201eEin regelm\u00e4\u00dfiger Austausch auf dieser Ebene w\u00e4re ein deutliches Signal an die Familien: Ihr seid Chefsache. Wir sehen eure Leistungen und wir m\u00f6chten \u00fcber eure Bedarfe direkt mit euch sprechen\u201c, so Bujard.<\/p>\n\n\n\n<p>Ansprechpartnerin: Konstanze Hartmann-Boudol, E-Mail: <a href=\"mailto:Hartmann-Boudol@eaf-bund.de\">Hartmann-Boudol@eaf-bund.de<\/a><\/p>\n","protected":false},"excerpt":{"rendered":"<p>eaf fordert fr\u00fchere Einbindung der Familienverb\u00e4nde als Lobby der Betroffenen Pressemitteilung vom 09. Februar 2023 Berlin. Die evangelische arbeitsgemeinschaft familie<\/p>\n","protected":false},"author":1,"featured_media":363,"comment_status":"closed","ping_status":"open","sticky":false,"template":"","format":"standard","meta":{"colormag_page_container_layout":"default_layout","colormag_page_sidebar_layout":"default_layout","footnotes":""},"categories":[6,5],"tags":[53],"class_list":["post-360","post","type-post","status-publish","format-standard","has-post-thumbnail","hentry","category-eaf-bund","category-pressemitteilung","tag-corona"],"_links":{"self":[{"href":"https:\/\/eaf-pfalz.de\/index.php?rest_route=\/wp\/v2\/posts\/360","targetHints":{"allow":["GET"]}}],"collection":[{"href":"https:\/\/eaf-pfalz.de\/index.php?rest_route=\/wp\/v2\/posts"}],"about":[{"href":"https:\/\/eaf-pfalz.de\/index.php?rest_route=\/wp\/v2\/types\/post"}],"author":[{"embeddable":true,"href":"https:\/\/eaf-pfalz.de\/index.php?rest_route=\/wp\/v2\/users\/1"}],"replies":[{"embeddable":true,"href":"https:\/\/eaf-pfalz.de\/index.php?rest_route=%2Fwp%2Fv2%2Fcomments&post=360"}],"version-history":[{"count":2,"href":"https:\/\/eaf-pfalz.de\/index.php?rest_route=\/wp\/v2\/posts\/360\/revisions"}],"predecessor-version":[{"id":362,"href":"https:\/\/eaf-pfalz.de\/index.php?rest_route=\/wp\/v2\/posts\/360\/revisions\/362"}],"wp:featuredmedia":[{"embeddable":true,"href":"https:\/\/eaf-pfalz.de\/index.php?rest_route=\/wp\/v2\/media\/363"}],"wp:attachment":[{"href":"https:\/\/eaf-pfalz.de\/index.php?rest_route=%2Fwp%2Fv2%2Fmedia&parent=360"}],"wp:term":[{"taxonomy":"category","embeddable":true,"href":"https:\/\/eaf-pfalz.de\/index.php?rest_route=%2Fwp%2Fv2%2Fcategories&post=360"},{"taxonomy":"post_tag","embeddable":true,"href":"https:\/\/eaf-pfalz.de\/index.php?rest_route=%2Fwp%2Fv2%2Ftags&post=360"}],"curies":[{"name":"wp","href":"https:\/\/api.w.org\/{rel}","templated":true}]}}