{"id":377,"date":"2023-03-09T10:27:34","date_gmt":"2023-03-09T10:27:34","guid":{"rendered":"https:\/\/eaf-pfalz.de\/?p=377"},"modified":"2023-03-09T10:27:35","modified_gmt":"2023-03-09T10:27:35","slug":"foerdermittel-fuer-fluechtlings-und-integrationsprojekte","status":"publish","type":"post","link":"https:\/\/eaf-pfalz.de\/?p=377","title":{"rendered":"F\u00f6rdermittel f\u00fcr Fl\u00fcchtlings- und Integrationsprojekte"},"content":{"rendered":"\n<p>Eine Vielzahl von \u00f6ffentlichen und privaten Institutionen f\u00f6rdert Projekte zur Unterst\u00fctzung und Bildung von Gefl\u00fcchteten sowie Integrationsprojekte. Diese \u00dcbersicht stellt einige Geldgeber und Programme auf EU-, Bundes- Landes- und kommunaler Ebene sowie Online-Plattformen f\u00fcr Geld-, Sach- und Zeitspenden vor. Einige F\u00f6rderm\u00f6glichkeiten speziell f\u00fcr Angebote f\u00fcr Kriegsfl\u00fcchtlinge aus der Ukraine steht am Ende der \u00dcbersicht.<\/p>\n\n\n\n<p><a href=\"https:\/\/www.bpb.de\/die-bpb\/foerderung\/akquisos\/222387\/foerdermittel-fuer-fluechtlings-und-integrationsprojekte\/\">https:\/\/www.bpb.de\/die-bpb\/foerderung\/akquisos\/222387\/foerdermittel-fuer-fluechtlings-und-integrationsprojekte\/<\/a><\/p>\n","protected":false},"excerpt":{"rendered":"<p>Eine Vielzahl von \u00f6ffentlichen und privaten Institutionen f\u00f6rdert Projekte zur Unterst\u00fctzung und Bildung von Gefl\u00fcchteten sowie Integrationsprojekte. Diese \u00dcbersicht stellt<\/p>\n","protected":false},"author":1,"featured_media":221,"comment_status":"closed","ping_status":"open","sticky":false,"template":"","format":"standard","meta":{"colormag_page_container_layout":"default_layout","colormag_page_sidebar_layout":"default_layout","footnotes":""},"categories":[6,51],"tags":[59],"class_list":["post-377","post","type-post","status-publish","format-standard","has-post-thumbnail","hentry","category-eaf-bund","category-information","tag-foerderung"],"_links":{"self":[{"href":"https:\/\/eaf-pfalz.de\/index.php?rest_route=\/wp\/v2\/posts\/377","targetHints":{"allow":["GET"]}}],"collection":[{"href":"https:\/\/eaf-pfalz.de\/index.php?rest_route=\/wp\/v2\/posts"}],"about":[{"href":"https:\/\/eaf-pfalz.de\/index.php?rest_route=\/wp\/v2\/types\/post"}],"author":[{"embeddable":true,"href":"https:\/\/eaf-pfalz.de\/index.php?rest_route=\/wp\/v2\/users\/1"}],"replies":[{"embeddable":true,"href":"https:\/\/eaf-pfalz.de\/index.php?rest_route=%2Fwp%2Fv2%2Fcomments&post=377"}],"version-history":[{"count":3,"href":"https:\/\/eaf-pfalz.de\/index.php?rest_route=\/wp\/v2\/posts\/377\/revisions"}],"predecessor-version":[{"id":380,"href":"https:\/\/eaf-pfalz.de\/index.php?rest_route=\/wp\/v2\/posts\/377\/revisions\/380"}],"wp:featuredmedia":[{"embeddable":true,"href":"https:\/\/eaf-pfalz.de\/index.php?rest_route=\/wp\/v2\/media\/221"}],"wp:attachment":[{"href":"https:\/\/eaf-pfalz.de\/index.php?rest_route=%2Fwp%2Fv2%2Fmedia&parent=377"}],"wp:term":[{"taxonomy":"category","embeddable":true,"href":"https:\/\/eaf-pfalz.de\/index.php?rest_route=%2Fwp%2Fv2%2Fcategories&post=377"},{"taxonomy":"post_tag","embeddable":true,"href":"https:\/\/eaf-pfalz.de\/index.php?rest_route=%2Fwp%2Fv2%2Ftags&post=377"}],"curies":[{"name":"wp","href":"https:\/\/api.w.org\/{rel}","templated":true}]}}