{"id":382,"date":"2023-03-22T09:00:28","date_gmt":"2023-03-22T09:00:28","guid":{"rendered":"https:\/\/eaf-pfalz.de\/?p=382"},"modified":"2023-03-22T09:00:30","modified_gmt":"2023-03-22T09:00:30","slug":"online-kurs-social-media-chance-fuer-die-familienbildung","status":"publish","type":"post","link":"https:\/\/eaf-pfalz.de\/?p=382","title":{"rendered":"<strong>Online-Kurs \u201eSocial-Media: Chance f\u00fcr die Familienbildung\u201c<\/strong>"},"content":{"rendered":"\n<p>Herzliche Einladung zum <strong>Online-Kurs \u201eSocial-Media: Chance f\u00fcr die Familienbildung\u201c am 26. April 2023<\/strong> von 9.30 &#8211; 13.30 Uhr.<\/p>\n\n\n\n<p><strong>Die Veranstaltung richtet sich an alle Fachkr\u00e4fte der Familienbildung, die bereits Social-Media-Kan\u00e4le im Rahmen ihrer (\u00d6ffentlichkeits-)Arbeit nutzen.<\/strong><\/p>\n\n\n\n<p>Mit diesem Online-Kurs wollen wir \u00fcber die M\u00f6glichkeiten von Social-Media und sozialen Netzwerken informieren und die Gestaltung eines entsprechenden Kommunikationskonzepts in den Fokus r\u00fccken. Dabei wird auf die bereits gemachten Erfahrungen in den Einrichtungen zur\u00fcckgegriffen werden. Im Mittelpunkt des Onlineworkshops steht der Erfahrungsaustausch unter den Teilnehmenden sowie die gemeinsame Weiterentwicklung bestehender Kommunikationsstrategien in Kleingruppen.<\/p>\n\n\n\n<p>Als Leitung der Veranstaltung und Referentin haben wir <strong>Leevke Sophie Denker<\/strong> (M.A.) gewinnen k\u00f6nnen.<\/p>\n\n\n\n<p>Die <strong>Teilnahmegeb\u00fchr<\/strong> f\u00fcr Mitglieder im Forum Familienbildung betr\u00e4gt 15,00 \u20ac pro Person, f\u00fcr Nichtmitglieder: 25,00 \u20ac pro Person<\/p>\n\n\n\n<p>F\u00fcr die Teilnahme ist eine verbindliche <strong>Anmeldung bis sp\u00e4testens 14. April 2023<\/strong> notwendig.<\/p>\n\n\n\n<p><strong>Weitere Informationen und das Anmeldeformular<\/strong> finden Sie unter <br><a href=\"https:\/\/www.eaf-bund.de\/service\/veranstaltungen\/2023-04-26-social-media-chance-fuer-die-familienbildung-kurs-o-9\">https:\/\/www.eaf-bund.de\/service\/veranstaltungen\/2023-04-26-social-media-chance-fuer-die-familienbildung-kurs-o-9<\/a><\/p>\n\n\n\n<p>Gerne k\u00f6nnen Sie diese Einladung an weitere Interessierte weiterleiten.<\/p>\n\n\n\n<p>Wir freuen uns auf eine anregende Veranstaltung und einen intensiven Fachaustausch \u00fcber Vor- und Nachteile von Social Media in der Familienbildung.<\/p>\n","protected":false},"excerpt":{"rendered":"<p>Herzliche Einladung zum Online-Kurs \u201eSocial-Media: Chance f\u00fcr die Familienbildung\u201c am 26. April 2023 von 9.30 &#8211; 13.30 Uhr. Die Veranstaltung<\/p>\n","protected":false},"author":1,"featured_media":385,"comment_status":"closed","ping_status":"open","sticky":false,"template":"","format":"standard","meta":{"colormag_page_container_layout":"default_layout","colormag_page_sidebar_layout":"default_layout","footnotes":""},"categories":[13,6,46,51,27,39],"tags":[60],"class_list":["post-382","post","type-post","status-publish","format-standard","has-post-thumbnail","hentry","category-digital","category-eaf-bund","category-fortbildung","category-information","category-online","category-workshop","tag-social-media"],"_links":{"self":[{"href":"https:\/\/eaf-pfalz.de\/index.php?rest_route=\/wp\/v2\/posts\/382","targetHints":{"allow":["GET"]}}],"collection":[{"href":"https:\/\/eaf-pfalz.de\/index.php?rest_route=\/wp\/v2\/posts"}],"about":[{"href":"https:\/\/eaf-pfalz.de\/index.php?rest_route=\/wp\/v2\/types\/post"}],"author":[{"embeddable":true,"href":"https:\/\/eaf-pfalz.de\/index.php?rest_route=\/wp\/v2\/users\/1"}],"replies":[{"embeddable":true,"href":"https:\/\/eaf-pfalz.de\/index.php?rest_route=%2Fwp%2Fv2%2Fcomments&post=382"}],"version-history":[{"count":4,"href":"https:\/\/eaf-pfalz.de\/index.php?rest_route=\/wp\/v2\/posts\/382\/revisions"}],"predecessor-version":[{"id":387,"href":"https:\/\/eaf-pfalz.de\/index.php?rest_route=\/wp\/v2\/posts\/382\/revisions\/387"}],"wp:featuredmedia":[{"embeddable":true,"href":"https:\/\/eaf-pfalz.de\/index.php?rest_route=\/wp\/v2\/media\/385"}],"wp:attachment":[{"href":"https:\/\/eaf-pfalz.de\/index.php?rest_route=%2Fwp%2Fv2%2Fmedia&parent=382"}],"wp:term":[{"taxonomy":"category","embeddable":true,"href":"https:\/\/eaf-pfalz.de\/index.php?rest_route=%2Fwp%2Fv2%2Fcategories&post=382"},{"taxonomy":"post_tag","embeddable":true,"href":"https:\/\/eaf-pfalz.de\/index.php?rest_route=%2Fwp%2Fv2%2Ftags&post=382"}],"curies":[{"name":"wp","href":"https:\/\/api.w.org\/{rel}","templated":true}]}}