{"id":393,"date":"2023-05-03T14:29:54","date_gmt":"2023-05-03T14:29:54","guid":{"rendered":"https:\/\/eaf-pfalz.de\/?p=393"},"modified":"2023-05-03T14:29:55","modified_gmt":"2023-05-03T14:29:55","slug":"kindergrundsicherung-was-bringt-sie-aus-oekonomischer-sicht","status":"publish","type":"post","link":"https:\/\/eaf-pfalz.de\/?p=393","title":{"rendered":"Kindergrundsicherung: Was bringt sie aus \u00f6konomischer Sicht?"},"content":{"rendered":"\n<h4 class=\"wp-block-heading\">Einladung zur ZOOM-Podiumsdiskussion<\/h4>\n\n\n\n<p>Kinderarmut ist ein seit Jahren ungel\u00f6stes Problem in unserer Gesellschaft. Fast drei Millionen Kinder und Jugendliche sind in Deutschland von Armut betroffen. Dabei ist Armut einer der gr\u00f6\u00dften Risikofaktoren, was die Entwicklung, Bildung und Teilhabe von jungen Menschen angeht.&nbsp;&nbsp;<\/p>\n\n\n\n<p>Die Einf\u00fchrung einer Kindergrundsicherung ist ein wichtiges politisches Vorhaben, um Kinderarmut wirksam zu vermeiden. Aktuell wird um ihre konkrete Ausgestaltung gerungen. Dabei spielen auch \u00f6konomische Fragen eine zentrale Rolle:&nbsp;&nbsp;<\/p>\n\n\n\n<ul class=\"wp-block-list\">\n<li>Wie muss die neue Leistung f\u00fcr Kinder ausgestaltet sein, damit Armut tats\u00e4chlich vermieden wird?&nbsp;<\/li>\n\n\n\n<li>Was wissen wir dar\u00fcber, ob mehr Geld f\u00fcr Kinder auch tats\u00e4chlich bei ihnen ankommt?&nbsp;&nbsp;<\/li>\n\n\n\n<li>Eine Kindergrundsicherung gibt es nicht zum Nulltarif \u2013 aber was bringen Investitionen in Armutsvermeidung?&nbsp;<\/li>\n<\/ul>\n\n\n\n<p>Diesen Fragen wollen wir auf den Grund gehen und laden Sie daher sehr herzlich ein zu unserer digitalen Podiumsdiskussion:&nbsp;&nbsp;<\/p>\n\n\n\n<p><strong>Kindergrundsicherung: Was bringt sie aus \u00f6konomischer Sicht?&nbsp;<\/strong><\/p>\n\n\n\n<p><strong>4. Mai 2023 von 13:30 bis 14:30 Uhr&nbsp;<\/strong><\/p>\n\n\n\n<p>Web-Talk mit\u00a0<\/p>\n\n\n\n<p><strong>Lisa Paus<\/strong> | Bundesministerin f\u00fcr Familie, Senioren, Frauen und Jugend&nbsp;<\/p>\n\n\n\n<p><strong>Martin Gassner-Herz<\/strong> | Mitglied des Deutschen Bundestages der FDP-Fraktion<br>Mitglied des Familienausschusses des Deutschen Bundestages&nbsp;<\/p>\n\n\n\n<p><strong>Prof. Dr. Holger Stichnoth<\/strong> | Zentrum f\u00fcr Europ\u00e4ische Wirtschaftsforschung Mannheim (ZEW) | Mitglied der Sachverst\u00e4ndigenkommission des 10. Familienberichts&nbsp;<\/p>\n\n\n\n<p><strong>Prof. Dr. Martin Werding <\/strong>| Ruhr-Universit\u00e4t Bochum | Mitglied des Sachverst\u00e4ndigenrats zur Begutachtung der gesamtwirtschaftlichen Entwicklung&nbsp;<\/p>\n\n\n\n<p>Mitglieder des <strong>JugendExpert:innenTeams<\/strong> der Bertelsmann Stiftung&nbsp;<br>&nbsp;<br>Moderation:&nbsp;<strong>Petra Boberg<\/strong> | Journalistin &amp; Moderatorin&nbsp;<\/p>\n\n\n\n<p>Der Web-Talk wird vom Projekt \u201eFamilie und Bildung: Politik vom Kind aus denken\u201c der Bertelsmann Stiftung durchgef\u00fchrt. Die Veranstaltung findet \u00fcber ZOOM statt und wird nicht aufgezeichnet.<\/p>\n\n\n\n<p>ANMELDUNG: <strong><a rel=\"noreferrer noopener\" href=\"https:\/\/www.bertelsmann-stiftung.de\/de\/unsere-projekte\/veranstaltungen\/veranstaltungsanmeldung\/?code=6ZA2MF\" target=\"_blank\">Registrierungslink<\/a><\/strong>\u00a0<\/p>\n\n\n\n<p>Der Versand der Anmeldebest\u00e4tigung inklusive der Zugangsdaten kann einige Tage in Anspruch nehmen. \u202f\u202f\u00a0<\/p>\n\n\n\n<p>Wir freuen uns auf Ihre Teilnahme!<\/p>\n\n\n\n<p><br><\/p>\n\n\n\n<p><\/p>\n","protected":false},"excerpt":{"rendered":"<p>Einladung zur ZOOM-Podiumsdiskussion Kinderarmut ist ein seit Jahren ungel\u00f6stes Problem in unserer Gesellschaft. Fast drei Millionen Kinder und Jugendliche sind<\/p>\n","protected":false},"author":1,"featured_media":395,"comment_status":"closed","ping_status":"open","sticky":false,"template":"","format":"standard","meta":{"colormag_page_container_layout":"default_layout","colormag_page_sidebar_layout":"default_layout","footnotes":""},"categories":[13,27,7],"tags":[61],"class_list":["post-393","post","type-post","status-publish","format-standard","has-post-thumbnail","hentry","category-digital","category-online","category-veranstaltung","tag-kindergrundsicherung"],"_links":{"self":[{"href":"https:\/\/eaf-pfalz.de\/index.php?rest_route=\/wp\/v2\/posts\/393","targetHints":{"allow":["GET"]}}],"collection":[{"href":"https:\/\/eaf-pfalz.de\/index.php?rest_route=\/wp\/v2\/posts"}],"about":[{"href":"https:\/\/eaf-pfalz.de\/index.php?rest_route=\/wp\/v2\/types\/post"}],"author":[{"embeddable":true,"href":"https:\/\/eaf-pfalz.de\/index.php?rest_route=\/wp\/v2\/users\/1"}],"replies":[{"embeddable":true,"href":"https:\/\/eaf-pfalz.de\/index.php?rest_route=%2Fwp%2Fv2%2Fcomments&post=393"}],"version-history":[{"count":2,"href":"https:\/\/eaf-pfalz.de\/index.php?rest_route=\/wp\/v2\/posts\/393\/revisions"}],"predecessor-version":[{"id":396,"href":"https:\/\/eaf-pfalz.de\/index.php?rest_route=\/wp\/v2\/posts\/393\/revisions\/396"}],"wp:featuredmedia":[{"embeddable":true,"href":"https:\/\/eaf-pfalz.de\/index.php?rest_route=\/wp\/v2\/media\/395"}],"wp:attachment":[{"href":"https:\/\/eaf-pfalz.de\/index.php?rest_route=%2Fwp%2Fv2%2Fmedia&parent=393"}],"wp:term":[{"taxonomy":"category","embeddable":true,"href":"https:\/\/eaf-pfalz.de\/index.php?rest_route=%2Fwp%2Fv2%2Fcategories&post=393"},{"taxonomy":"post_tag","embeddable":true,"href":"https:\/\/eaf-pfalz.de\/index.php?rest_route=%2Fwp%2Fv2%2Ftags&post=393"}],"curies":[{"name":"wp","href":"https:\/\/api.w.org\/{rel}","templated":true}]}}