{"id":397,"date":"2023-05-03T14:35:59","date_gmt":"2023-05-03T14:35:59","guid":{"rendered":"https:\/\/eaf-pfalz.de\/?p=397"},"modified":"2023-05-03T14:36:00","modified_gmt":"2023-05-03T14:36:00","slug":"buendnis-sorgearbeit-fairteilen-fordert-die-vollbezahlte-freistellung-nach-der-geburt-familienstartzeit-muss-kommen","status":"publish","type":"post","link":"https:\/\/eaf-pfalz.de\/?p=397","title":{"rendered":"B\u00fcndnis Sorgearbeit fairteilen fordert: Die vollbezahlte Freistellung nach der Geburt (\u201eFamilienstartzeit\u201c) muss kommen!"},"content":{"rendered":"\n<h4 class=\"wp-block-heading\">Pressemitteilung des B\u00fcndnisses Sorgearbeit vom 2. Mai 2023<\/h4>\n\n\n\n<p>Die 26 Mitgliedsorganisationen begr\u00fc\u00dfen das vom BMFSFJ konkretisierte Vorhaben der Bundesregierung, V\u00e4ter bzw. zweite Elternteile nach der Geburt eines  Kindes zehn Tage bezahlt freizustellen, und dr\u00e4ngen auf einen z\u00fcgigen Gesetzgebungsprozess. Sie fordern zudem, die Ausweitung der nicht \u00fcbertragbaren<br>Elterngeldmonate ebenfalls jetzt zeitnah umzusetzen. F\u00fcr fair geteilte Sorgearbeit von Anfang an!<\/p>\n\n\n\n<p><a href=\"https:\/\/www.eaf-bund.de\/sites\/default\/files\/2023-05\/230502_BSFT_PM_Familienstartzeit.pdf\"><strong>>> Mehr lesen!<\/strong><\/a><\/p>\n","protected":false},"excerpt":{"rendered":"<p>Pressemitteilung des B\u00fcndnisses Sorgearbeit vom 2. Mai 2023 Die 26 Mitgliedsorganisationen begr\u00fc\u00dfen das vom BMFSFJ konkretisierte Vorhaben der Bundesregierung, V\u00e4ter<\/p>\n","protected":false},"author":1,"featured_media":400,"comment_status":"closed","ping_status":"open","sticky":false,"template":"","format":"standard","meta":{"colormag_page_container_layout":"default_layout","colormag_page_sidebar_layout":"default_layout","footnotes":""},"categories":[51,5],"tags":[62],"class_list":["post-397","post","type-post","status-publish","format-standard","has-post-thumbnail","hentry","category-information","category-pressemitteilung","tag-freistellung"],"_links":{"self":[{"href":"https:\/\/eaf-pfalz.de\/index.php?rest_route=\/wp\/v2\/posts\/397","targetHints":{"allow":["GET"]}}],"collection":[{"href":"https:\/\/eaf-pfalz.de\/index.php?rest_route=\/wp\/v2\/posts"}],"about":[{"href":"https:\/\/eaf-pfalz.de\/index.php?rest_route=\/wp\/v2\/types\/post"}],"author":[{"embeddable":true,"href":"https:\/\/eaf-pfalz.de\/index.php?rest_route=\/wp\/v2\/users\/1"}],"replies":[{"embeddable":true,"href":"https:\/\/eaf-pfalz.de\/index.php?rest_route=%2Fwp%2Fv2%2Fcomments&post=397"}],"version-history":[{"count":2,"href":"https:\/\/eaf-pfalz.de\/index.php?rest_route=\/wp\/v2\/posts\/397\/revisions"}],"predecessor-version":[{"id":399,"href":"https:\/\/eaf-pfalz.de\/index.php?rest_route=\/wp\/v2\/posts\/397\/revisions\/399"}],"wp:featuredmedia":[{"embeddable":true,"href":"https:\/\/eaf-pfalz.de\/index.php?rest_route=\/wp\/v2\/media\/400"}],"wp:attachment":[{"href":"https:\/\/eaf-pfalz.de\/index.php?rest_route=%2Fwp%2Fv2%2Fmedia&parent=397"}],"wp:term":[{"taxonomy":"category","embeddable":true,"href":"https:\/\/eaf-pfalz.de\/index.php?rest_route=%2Fwp%2Fv2%2Fcategories&post=397"},{"taxonomy":"post_tag","embeddable":true,"href":"https:\/\/eaf-pfalz.de\/index.php?rest_route=%2Fwp%2Fv2%2Ftags&post=397"}],"curies":[{"name":"wp","href":"https:\/\/api.w.org\/{rel}","templated":true}]}}