{"id":402,"date":"2023-05-16T23:49:44","date_gmt":"2023-05-16T23:49:44","guid":{"rendered":"https:\/\/eaf-pfalz.de\/?p=402"},"modified":"2023-05-16T23:49:45","modified_gmt":"2023-05-16T23:49:45","slug":"aufruf-fuer-eine-qualitativ-hochwertige-umsetzung-des-ganztagsfoerderungsgesetzes","status":"publish","type":"post","link":"https:\/\/eaf-pfalz.de\/?p=402","title":{"rendered":"Aufruf f\u00fcr eine qualitativ hochwertige Umsetzung des Ganztagsf\u00f6rderungsgesetzes"},"content":{"rendered":"\n<h4 class=\"wp-block-heading\">Die evangelische arbeitsgemeinschaft familie (eaf), begr\u00fc\u00dft, dass sich so viele Verb\u00e4nde gemeinsam f\u00fcr die Qualit\u00e4t von Ganztagsangeboten einsetzen.<\/h4>\n\n\n\n<p><strong>Pressemitteilung vom 15. Mai 2023<\/strong><\/p>\n\n\n\n<p><strong>Berlin.<\/strong> Anl\u00e4sslich des <strong>\u201eInternationalen Tags der Familie\u201c<\/strong> betont Svenja Kraus, Bundesgesch\u00e4ftsf\u00fchrerin der eaf: \u201eKinder brauchen unsere geballte Unterst\u00fctzung. F\u00fcr uns als Familienverband stehen sie im Fokus. Gemeinsam mit unserem Forum Familienbildung setzen wir uns f\u00fcr eine gute Ausstattung von Ganztagsangeboten ein. Dabei sehen wir vor allem einen hohen Bedarf, multiprofessionelle Teams mit mehr finanziellen und zeitlichen Ressourcen auszustatten und so Kooperationen auch mit au\u00dferschulischen Lernorten, wie z.B. der Familienbildung, zu erm\u00f6glichen. Denn nur mit einem umfassenden Bildungsbegriff, der sozialr\u00e4umliche Arbeit in die Gestaltung der Lebenswege der Kinder miteinbezieht, wird das Kind als Ganzes gesehen und kann sich individuell entfalten. Das ist uns wichtig!\u201c<\/p>\n\n\n\n<p><a href=\"https:\/\/www.eaf-bund.de\/sites\/default\/files\/2023-05\/Verb%C3%A4nde-Aufruf%20f%C3%BCr%20einen%20guten%20Ganztag_05_2023.pdf\">Zum Aufruf der Verb\u00e4nde: \u201eAufruf f\u00fcr eine qualitativ hochwertige Umsetzung des Ganztags\u00adf\u00f6rdergesetzes\u201c<\/a>.<\/p>\n\n\n\n<p>Ansprechpartnerin: Svenja Kraus, E-Mail: <a href=\"mailto:info@eaf-bund.de\">info@eaf-bund.de<\/a><\/p>\n","protected":false},"excerpt":{"rendered":"<p>Die evangelische arbeitsgemeinschaft familie (eaf), begr\u00fc\u00dft, dass sich so viele Verb\u00e4nde gemeinsam f\u00fcr die Qualit\u00e4t von Ganztagsangeboten einsetzen. Pressemitteilung vom<\/p>\n","protected":false},"author":1,"featured_media":286,"comment_status":"closed","ping_status":"open","sticky":false,"template":"","format":"standard","meta":{"colormag_page_container_layout":"default_layout","colormag_page_sidebar_layout":"default_layout","footnotes":""},"categories":[6,5],"tags":[],"class_list":["post-402","post","type-post","status-publish","format-standard","has-post-thumbnail","hentry","category-eaf-bund","category-pressemitteilung"],"_links":{"self":[{"href":"https:\/\/eaf-pfalz.de\/index.php?rest_route=\/wp\/v2\/posts\/402","targetHints":{"allow":["GET"]}}],"collection":[{"href":"https:\/\/eaf-pfalz.de\/index.php?rest_route=\/wp\/v2\/posts"}],"about":[{"href":"https:\/\/eaf-pfalz.de\/index.php?rest_route=\/wp\/v2\/types\/post"}],"author":[{"embeddable":true,"href":"https:\/\/eaf-pfalz.de\/index.php?rest_route=\/wp\/v2\/users\/1"}],"replies":[{"embeddable":true,"href":"https:\/\/eaf-pfalz.de\/index.php?rest_route=%2Fwp%2Fv2%2Fcomments&post=402"}],"version-history":[{"count":1,"href":"https:\/\/eaf-pfalz.de\/index.php?rest_route=\/wp\/v2\/posts\/402\/revisions"}],"predecessor-version":[{"id":403,"href":"https:\/\/eaf-pfalz.de\/index.php?rest_route=\/wp\/v2\/posts\/402\/revisions\/403"}],"wp:featuredmedia":[{"embeddable":true,"href":"https:\/\/eaf-pfalz.de\/index.php?rest_route=\/wp\/v2\/media\/286"}],"wp:attachment":[{"href":"https:\/\/eaf-pfalz.de\/index.php?rest_route=%2Fwp%2Fv2%2Fmedia&parent=402"}],"wp:term":[{"taxonomy":"category","embeddable":true,"href":"https:\/\/eaf-pfalz.de\/index.php?rest_route=%2Fwp%2Fv2%2Fcategories&post=402"},{"taxonomy":"post_tag","embeddable":true,"href":"https:\/\/eaf-pfalz.de\/index.php?rest_route=%2Fwp%2Fv2%2Ftags&post=402"}],"curies":[{"name":"wp","href":"https:\/\/api.w.org\/{rel}","templated":true}]}}