{"id":405,"date":"2023-05-25T21:27:39","date_gmt":"2023-05-25T21:27:39","guid":{"rendered":"https:\/\/eaf-pfalz.de\/?p=405"},"modified":"2023-05-25T21:27:40","modified_gmt":"2023-05-25T21:27:40","slug":"keine-anerkennung-von-leihmutterschaft-durch-die-hintertuer","status":"publish","type":"post","link":"https:\/\/eaf-pfalz.de\/?p=405","title":{"rendered":"Keine Anerkennung von Leihmutterschaft durch die Hintert\u00fcr"},"content":{"rendered":"\n<h5 class=\"wp-block-heading\"><strong>eaf vermisst gesellschaftliche Debatte zu europ\u00e4ischem Elternschafts\u00adzertifikat<\/strong><\/h5>\n\n\n\n<p><strong>Pressemitteilung vom 24. Mai 2023<\/strong><\/p>\n\n\n\n<p><strong>Berlin. <\/strong>Die Frist f\u00fcr die nationalen Parlamente, sich zur EU-Verordnung zur Einf\u00fchrung eines Eltern\u00adschaftszertifikats zu \u00e4u\u00dfern, l\u00e4uft Anfang Juni aus. Die Zeit f\u00fcr eine Stellungnahme und die dazu geh\u00f6rige gesellschaftliche Debatte dr\u00e4ngt also.<\/p>\n\n\n\n<p>Die <em>evangelischen arbeitsgemeinschaft familie<\/em> <em>(eaf) <\/em>begr\u00fc\u00dft grunds\u00e4tzlich den Vorschlag der Europ\u00e4ischen Kommission. Insbesondere die Anerkennung der Elternschaft von gleichgeschlecht\u00adlichen Eltern und Adoptiveltern in jedem Mitgliedsstaat ist ein wichtiger Schritt zur Wahrung von Kinderrechten innerhalb der Europ\u00e4ischen Union. Kritisch sieht die <em>eaf<\/em>hingegen, dass damit faktisch auch Rechtssicherheit f\u00fcr Eltern geschaffen wird, die sich ihren Kinderwunsch mithilfe von Leihmutterschaft erf\u00fcllen.<\/p>\n\n\n\n<p>\u201eLeihmutterschaft macht die Reproduktionsf\u00e4higkeit der Frau zu einer k\u00e4uflichen Ware. In Deutschland ist sie deshalb zu Recht verboten. Die Risiken und Belastungen einer Schwanger\u00adschaft und die Ausnutzung sozialer Notlagen durch die meist wohlhabenderen Auftraggeber werden von den Bef\u00fcrwortern heruntergespielt\u201c, so Pr\u00e4sident Prof. Martin Bujard.<\/p>\n\n\n\n<p>Aus Sicht der <em>eaf<\/em> sollte der juristischen Regelung solcher Fragen eine gesellschaftliche Debatte voraus gehen, die bislang jedoch noch nicht gef\u00fchrt wurde. \u201eSo lange die dazu k\u00fcrzlich eingerichtete Kommission keinen Abschlussbericht vorgelegt hat, der in Parlament und Zivilgesellschaft diskutiert wurde, erwarten wir von der Bundesregierung, der Verordnung nicht zuzustimmen, da sie \u00fcber die deutsche Rechtslage hinaus Fakten schafft.\u201c Bujard formuliert die Position der <em>eaf<\/em>: \u201eDie rechtliche Zuordnung von Kindern, die im Ausland von einer Leihmutter geboren werden, muss \u2013 analog zur deutschen Rechtsprechung &#8211; aus der Anerkennungsregelung zwischen den Mitgliedsstaaten ausgenommen werden. Es sollten weiterhin gerichtliche Einzelfallentscheidungen erfolgen, die sich ausschlie\u00dflich an dem Kriterium des Kindeswohls orientieren.\u201c<\/p>\n\n\n\n<p><a>Ansprechpartnerin: Sigrid Andersen, E-Mail: <\/a><a href=\"mailto:andersen@eaf-bund.de\">andersen@eaf-bund.de<\/a><\/p>\n","protected":false},"excerpt":{"rendered":"<p>eaf vermisst gesellschaftliche Debatte zu europ\u00e4ischem Elternschafts\u00adzertifikat Pressemitteilung vom 24. Mai 2023 Berlin. Die Frist f\u00fcr die nationalen Parlamente, sich<\/p>\n","protected":false},"author":1,"featured_media":258,"comment_status":"closed","ping_status":"open","sticky":false,"template":"","format":"standard","meta":{"colormag_page_container_layout":"default_layout","colormag_page_sidebar_layout":"default_layout","footnotes":""},"categories":[6,5],"tags":[63],"class_list":["post-405","post","type-post","status-publish","format-standard","has-post-thumbnail","hentry","category-eaf-bund","category-pressemitteilung","tag-leihmutterschaft"],"_links":{"self":[{"href":"https:\/\/eaf-pfalz.de\/index.php?rest_route=\/wp\/v2\/posts\/405","targetHints":{"allow":["GET"]}}],"collection":[{"href":"https:\/\/eaf-pfalz.de\/index.php?rest_route=\/wp\/v2\/posts"}],"about":[{"href":"https:\/\/eaf-pfalz.de\/index.php?rest_route=\/wp\/v2\/types\/post"}],"author":[{"embeddable":true,"href":"https:\/\/eaf-pfalz.de\/index.php?rest_route=\/wp\/v2\/users\/1"}],"replies":[{"embeddable":true,"href":"https:\/\/eaf-pfalz.de\/index.php?rest_route=%2Fwp%2Fv2%2Fcomments&post=405"}],"version-history":[{"count":1,"href":"https:\/\/eaf-pfalz.de\/index.php?rest_route=\/wp\/v2\/posts\/405\/revisions"}],"predecessor-version":[{"id":406,"href":"https:\/\/eaf-pfalz.de\/index.php?rest_route=\/wp\/v2\/posts\/405\/revisions\/406"}],"wp:featuredmedia":[{"embeddable":true,"href":"https:\/\/eaf-pfalz.de\/index.php?rest_route=\/wp\/v2\/media\/258"}],"wp:attachment":[{"href":"https:\/\/eaf-pfalz.de\/index.php?rest_route=%2Fwp%2Fv2%2Fmedia&parent=405"}],"wp:term":[{"taxonomy":"category","embeddable":true,"href":"https:\/\/eaf-pfalz.de\/index.php?rest_route=%2Fwp%2Fv2%2Fcategories&post=405"},{"taxonomy":"post_tag","embeddable":true,"href":"https:\/\/eaf-pfalz.de\/index.php?rest_route=%2Fwp%2Fv2%2Ftags&post=405"}],"curies":[{"name":"wp","href":"https:\/\/api.w.org\/{rel}","templated":true}]}}