{"id":420,"date":"2023-05-31T21:11:52","date_gmt":"2023-05-31T21:11:52","guid":{"rendered":"https:\/\/eaf-pfalz.de\/?p=420"},"modified":"2023-06-06T22:07:06","modified_gmt":"2023-06-06T22:07:06","slug":"die-eaf-pfalz-auf-dem-dekt-2023","status":"publish","type":"post","link":"https:\/\/eaf-pfalz.de\/?p=420","title":{"rendered":"Die eaf-Pfalz auf dem DEKT 2023"},"content":{"rendered":"\n<p>Herzliche Einladung zum Deutschen Evangelischen Kirchentag (DEKT) 2023 in N\u00fcrnberg.<br>Im <strong>Zentrum Kinder, Jugend und Familie<\/strong> hat die eaf Donnerstag bis Samstag von 10 bis 18 Uhr Angebote geplant.&nbsp; DER Treffpunkt f\u00fcr alle zum Thema Familie, Familienbildung, Familienpolitik. Mit Ausstellung, Talk und Infos.<\/p>\n\n\n\n<p>Podiumsveranstaltung mit Familienministerin Lisa Paus, Frau Dr. Possinger ua: <strong>Zeit f\u00fcr Care in Familien &#8211; wer soll das noch wuppen? <\/strong>&nbsp;<br>Was Familien JETZT von Politik, Kirche und Gesellschaft brauchen.<br>Wann: <strong>Do. 8. Juni 2023, 11.00 \u2013 13.00 Uhr&nbsp;<\/strong> <br>Ort: <strong>Messegel\u00e4nde Halle 5<\/strong><\/p>\n\n\n\n<p>Au\u00dferdem findet ein Workshop mit Prof. Dr. Possinger statt, Familien im Blick: <strong>Was machen familienaktive Gemeinden richtig? Einblick in die Familienstudie mit Prof. Dr. Johanna Possinger, <\/strong>EH Ludwigsburg ( Leitung Franziska Wallenta und Ute Dettweiler)<\/p>\n\n\n\n<p><strong>Wann: Fr. 9. Juni 2023, 10.30-12.30 Uhr<\/strong><br><strong>Ort:<\/strong> <strong>Zentrum Kinder, Jugend und Familie<\/strong><\/p>\n\n\n\n<p><strong>9. Juni 2023, 14.00 Uhr<br>Zentrum Kinder und Familie, Kleiner Saal Familien im Blick: Was machen familienaktive Gemeinden richtig?<\/strong><br>Workshop mit Prof. Dr. Johanna Possinger, EH Ludwigsburg;\u00a0Christine Falk, Forum Familie Amt f\u00fcr Gemeindedienst, N\u00fcrnberg; Ute Dettweiler, eaf Pfalz; Franziska Wallenta, eaf<\/p>\n\n\n\n<p><\/p>\n\n\n\n<p><strong>TIPP: eaf-Dokumentation: FAMILIE HABEN ALLE:<\/strong> <\/p>\n\n\n\n<p><a href=\"https:\/\/eaf-pfalz.de\/?p=225\">eaf-DOKUMENTATION: FAMILIE HABEN ALLE<\/a><\/p>\n\n\n\n<figure class=\"wp-block-table\"><table><tbody><tr><td>EAF beim Deutschen Evangelischen Kirchentag 2023<\/td><\/tr><\/tbody><\/table><\/figure>\n\n\n\n<figure class=\"wp-block-table\"><table><tbody><tr><td><\/td><\/tr><\/tbody><\/table><\/figure>\n\n\n\n<figure class=\"wp-block-table\"><table><tbody><tr><td><img decoding=\"async\" width=\"132\" src=\"https:\/\/mcusercontent.com\/6c54a842415ed864e84d9630b\/images\/e249a68e-0c85-846a-17bd-a1ec3beba1e1.jpg\" alt=\"\"> <strong>Zentrum &#8222;Kinder und Familie&#8220; 8. bis 10. Juni 2023 Jetzt ist die Zeit\u2026 f\u00fcr Familien <\/strong><br>Im Foyer des Zentrums &#8222;Kinder und Familie&#8220; informiert die ev. arbeitsgemeinschaft familie (eaf) \u00fcber ihr Engagement f\u00fcr und mit Familien. Das Spiel \u201eWeg mit den Zeitfressern!\u201c l\u00e4dt Gro\u00df und Klein\u00a0zum\u00a0\u00a0Mitmachen ein. Und mehrmals t\u00e4glich befragen die eaf Bund und die eaf Bayern Akteur:innen aus Politik, Kirche und Forschung dazu, was Familien in Kirchen und Gesellschaft brauchen. Eine \u00dcbersicht der Talkg\u00e4ste finden Sie hier:\u00a0<a rel=\"noreferrer noopener\" href=\"https:\/\/www.eaf-bund.de\/node\/1139\" target=\"_blank\">Weiterlesen<\/a><\/td><\/tr><\/tbody><\/table><\/figure>\n\n\n\n<figure class=\"wp-block-table\"><table><tbody><tr><td><\/td><\/tr><\/tbody><\/table><\/figure>\n\n\n\n<figure class=\"wp-block-table\"><table><tbody><tr><td><img decoding=\"async\" width=\"132\" src=\"https:\/\/mcusercontent.com\/6c54a842415ed864e84d9630b\/images\/086ea6e4-8730-646e-d494-b7347b5b2578.jpg\" alt=\"\"> <strong>Zentrum &#8222;Kinder und Familie&#8220; 8. bis 10. Juni 2023 &#8222;FamilienBande&#8220; <\/strong><br>Die\u00a0 interaktive Ausstellung &#8222;FamilienBande&#8220; der eaf NRW l\u00e4dt dazu ein, das eigene\u00a0Verst\u00e4ndnis<br>von Familie zu kl\u00e4ren und sich \u00fcber W\u00fcnsche und Bed\u00fcrfnisse im Blick auf famili\u00e4re Lebensformen auszutauschen.\u00a0<a rel=\"noreferrer noopener\" href=\"https:\/\/eaf-nrw.de\/wanderausstellung\/\" target=\"_blank\">Weiterlesen<\/a><\/td><\/tr><\/tbody><\/table><\/figure>\n\n\n\n<figure class=\"wp-block-table\"><table><tbody><tr><td><\/td><\/tr><\/tbody><\/table><\/figure>\n\n\n\n<figure class=\"wp-block-table\"><table><tbody><tr><td><img decoding=\"async\" width=\"132\" src=\"https:\/\/mcusercontent.com\/6c54a842415ed864e84d9630b\/images\/e990b45c-34f2-0502-cb59-7d47b6c1d643.jpg\" alt=\"\"> <strong>Zentrum &#8222;Kinder und Familie&#8220; 8. bis 10.\u00a0Juni 2023 Schnupperangebote der Evangelischen Familienbildung <\/strong><br>Im Raum &#8222;Kind und Kegel&#8220; haben Familien die Gelegenheit, Angebote wie Babymassage, musikalische Fr\u00fcherziehung oder Eltern-Kind-Kurse kennenzulernen.\u00a0<a rel=\"noreferrer noopener\" href=\"https:\/\/www.eaf-bund.de\/sites\/default\/files\/2023-04\/Plakat_Programm_A1.pdf\" target=\"_blank\">Weiterlesen<\/a><\/td><\/tr><\/tbody><\/table><\/figure>\n\n\n\n<figure class=\"wp-block-table\"><table><tbody><tr><td><\/td><\/tr><\/tbody><\/table><\/figure>\n\n\n\n<figure class=\"wp-block-table\"><table><tbody><tr><td><img decoding=\"async\" width=\"132\" src=\"https:\/\/mcusercontent.com\/6c54a842415ed864e84d9630b\/images\/bb6f089d-36d1-865b-fdee-1984cf65919b.jpg\" alt=\"\"> Zentrum &#8222;Kinder und Familie&#8220; 9. Juni 2023 Jugendredaktion des magazins &#8222;Familienfragen&#8220;<br>Jugendredaktion der eaf Sachsen ist im Foyer des Zentrums unterwegs und interviewt Familien zu Fragen wie: &#8222;Wer k\u00fcmmert sich bei Ihnen eigentlich um Haushalt und Kinder? Und haben Sie sich das so vorgestellt, ehe Sie Kinder bekommen haben?&#8220;.\u00a0<a rel=\"noreferrer noopener\" href=\"https:\/\/eaf-sachsen.de\/category\/familienmagazine-2023\/\" target=\"_blank\">Weiterlesen<\/a><\/td><\/tr><\/tbody><\/table><\/figure>\n\n\n\n<figure class=\"wp-block-table\"><table><tbody><tr><td><\/td><\/tr><\/tbody><\/table><\/figure>\n\n\n\n<figure class=\"wp-block-table\"><table><tbody><tr><td><strong>Donnerstag, 8. Juni 2023, 11.00 Uhr<\/strong><br><strong>Halle 5, Messezentrum Zeit f\u00fcr Care in Familien &#8211; wer soll das noch wuppen? <\/strong><br>Was Familien JETZT von Politik, Kirche und Gesellschaft brauchenie Podiumsdiskussion u.a. mit Bundesfamilienministerin Lisa Paus, Svenja Kraus (Bundesgesch\u00e4ftsf\u00fchrerin der eaf), Prof. Barbara Thiessen\u00a0<a rel=\"noreferrer noopener\" href=\"https:\/\/www.kirchentag.de\/programm\/pgd\/programmsuche#session\/380298101\/V.KID-001\" target=\"_blank\">Weiterlesen<\/a><\/td><\/tr><\/tbody><\/table><\/figure>\n\n\n\n<figure class=\"wp-block-table\"><table><tbody><tr><td><\/td><\/tr><\/tbody><\/table><\/figure>\n\n\n\n<figure class=\"wp-block-table\"><table><tbody><tr><td><strong>Donnerstag, 8. Juni 2023, 12:30 Uhr<br>Zentrum &#8222;Kinder und Familie&#8220;, Vortragssaal Demokratie leben! Partnerschaften f\u00fcr Demokratie <\/strong><br>Workshop der eaf Bayern\u00a0mit Juliane Krolop, Demokratietrainerin mit Fokus Medienbildung, Dachau\u00a0<a rel=\"noreferrer noopener\" href=\"https:\/\/www.kirchentag.de\/programm\/pgd\/programmsuche#session\/380739101\/V.KID-068\" target=\"_blank\">Weiterlesen<\/a><\/td><\/tr><\/tbody><\/table><\/figure>\n\n\n\n<figure class=\"wp-block-table\"><table><tbody><tr><td><\/td><\/tr><\/tbody><\/table><\/figure>\n\n\n\n<figure class=\"wp-block-table\"><table><tbody><tr><td><strong>9. Juni 2023, 10.30 Uhr<br>Zentrum &#8222;Kinder und Familie&#8220;, Gro\u00dfer Saal Den Kindern geh\u00f6rt das Himmelreich, aber nicht die Kirche?<\/strong><br>Wie Partizipation von Kindern gelingen kann Podiumsgespr\u00e4ch u.a. mit\u00a0Prof. Dr. Johanna Possinger, EH Ludwigsburg\u00a0<a rel=\"noreferrer noopener\" href=\"https:\/\/www.kirchentag.de\/programm\/pgd\/programmsuche#session\/380300101\/V.KID-003\" target=\"_blank\">Weiterlesen<\/a><\/td><\/tr><\/tbody><\/table><\/figure>\n\n\n\n<figure class=\"wp-block-table\"><table><tbody><tr><td><\/td><\/tr><\/tbody><\/table><\/figure>\n\n\n\n<figure class=\"wp-block-table\"><table><tbody><tr><td><strong>9. Juni 2023, 14.00 Uhr<br>Zentrum Kinder und Familie, Kleiner Saal Familien im Blick: Was machen familienaktive Gemeinden richtig? <\/strong><br>Workshop mit Prof. Dr. Johanna Possinger, EH Ludwigsburg;\u00a0Christine Falk, Forum Familie Amt f\u00fcr Gemeindedienst, N\u00fcrnberg; Ute Dettweiler, eaf Pfalz; Franziska Wallenta, eaf Hessen\u00a0<a rel=\"noreferrer noopener\" href=\"https:\/\/www.kirchentag.de\/programm\/pgd\/programmsuche#session\/380735101\/V.KID-064\" target=\"_blank\">Weiterlesen<\/a><\/td><\/tr><\/tbody><\/table><\/figure>\n\n\n\n<figure class=\"wp-block-table\"><table><tbody><tr><td><\/td><\/tr><\/tbody><\/table><\/figure>\n\n\n\n<figure class=\"wp-block-table\"><table><tbody><tr><td>10. Juni 2023, 10:30 Uhr<br>Zentrum &#8222;Kinder und Familie&#8220;, Vortragssaal Umgang mit Streit in der Familie. Demokratische Aspekte von Konfliktl\u00f6sungen mit Kindern Workshop der eaf Bayern mit Elke Riedel-Schmelz, Sozialp\u00e4dagogin beim Deutschen Kinderschutzbund, N\u00fcrnberg&nbsp;<a href=\"https:\/\/www.kirchentag.de\/programm\/pgd\/programmsuche#session\/380738101\/V.KID-067\" target=\"_blank\" rel=\"noreferrer noopener\">Weiterlesen<\/a><\/td><\/tr><\/tbody><\/table><\/figure>\n","protected":false},"excerpt":{"rendered":"<p>Herzliche Einladung zum Deutschen Evangelischen Kirchentag (DEKT) 2023 in N\u00fcrnberg.Im Zentrum Kinder, Jugend und Familie hat die eaf Donnerstag bis<\/p>\n","protected":false},"author":1,"featured_media":422,"comment_status":"closed","ping_status":"open","sticky":false,"template":"","format":"standard","meta":{"colormag_page_container_layout":"default_layout","colormag_page_sidebar_layout":"default_layout","footnotes":""},"categories":[6,47,51,7,39],"tags":[10,18,19,43,65,21],"class_list":["post-420","post","type-post","status-publish","format-standard","has-post-thumbnail","hentry","category-eaf-bund","category-eaf-pfalz","category-information","category-veranstaltung","category-workshop","tag-familie","tag-familienbildung","tag-kinder","tag-kinderrecht","tag-kirchentag","tag-workshop"],"_links":{"self":[{"href":"https:\/\/eaf-pfalz.de\/index.php?rest_route=\/wp\/v2\/posts\/420","targetHints":{"allow":["GET"]}}],"collection":[{"href":"https:\/\/eaf-pfalz.de\/index.php?rest_route=\/wp\/v2\/posts"}],"about":[{"href":"https:\/\/eaf-pfalz.de\/index.php?rest_route=\/wp\/v2\/types\/post"}],"author":[{"embeddable":true,"href":"https:\/\/eaf-pfalz.de\/index.php?rest_route=\/wp\/v2\/users\/1"}],"replies":[{"embeddable":true,"href":"https:\/\/eaf-pfalz.de\/index.php?rest_route=%2Fwp%2Fv2%2Fcomments&post=420"}],"version-history":[{"count":11,"href":"https:\/\/eaf-pfalz.de\/index.php?rest_route=\/wp\/v2\/posts\/420\/revisions"}],"predecessor-version":[{"id":438,"href":"https:\/\/eaf-pfalz.de\/index.php?rest_route=\/wp\/v2\/posts\/420\/revisions\/438"}],"wp:featuredmedia":[{"embeddable":true,"href":"https:\/\/eaf-pfalz.de\/index.php?rest_route=\/wp\/v2\/media\/422"}],"wp:attachment":[{"href":"https:\/\/eaf-pfalz.de\/index.php?rest_route=%2Fwp%2Fv2%2Fmedia&parent=420"}],"wp:term":[{"taxonomy":"category","embeddable":true,"href":"https:\/\/eaf-pfalz.de\/index.php?rest_route=%2Fwp%2Fv2%2Fcategories&post=420"},{"taxonomy":"post_tag","embeddable":true,"href":"https:\/\/eaf-pfalz.de\/index.php?rest_route=%2Fwp%2Fv2%2Ftags&post=420"}],"curies":[{"name":"wp","href":"https:\/\/api.w.org\/{rel}","templated":true}]}}