{"id":443,"date":"2023-06-16T21:04:17","date_gmt":"2023-06-16T21:04:17","guid":{"rendered":"https:\/\/eaf-pfalz.de\/?p=443"},"modified":"2023-06-26T21:04:47","modified_gmt":"2023-06-26T21:04:47","slug":"50-akteurinnen-aus-zivilgesellschaft-und-wissenschaft-fordern-gemeinsam","status":"publish","type":"post","link":"https:\/\/eaf-pfalz.de\/?p=443","title":{"rendered":"50 Akteur:innen aus Zivilgesellschaft und Wissenschaft fordern gemeinsam:"},"content":{"rendered":"\n<h3 class=\"wp-block-heading\"><strong>Haltung zeigen gegen\u00fcber Kindern, Jugendlichen und Familien, die Armut erfahren<\/strong><\/h3>\n\n\n\n<p><strong>Pressemitteilung der eaf vom 16. Juni 2023<\/strong><\/p>\n\n\n\n<p>Berlin. In Teilen der Gesellschaft herrschen immer noch pauschale Vorurteile gegen\u00fcber Familien, die Armut erfahren. Diese werden weiter \u00fcber einige Medien zementiert<a>. <\/a>50 Organisationen und Einzelpersonen sehen sich daher dazu verpflichtet, mit dieser Voreingenommenheit aufzur\u00e4umen. Auf dem Treffen des Ratschlag Kinderarmut am 16. Juni 2023 rufen sie deshalb gemeinsam mit einem Appell dazu auf, Haltung zu zeigen und sich unterst\u00fctzend hinter armutsbetroffene Kinder, Jugendliche und ihre Familien zu stellen.<\/p>\n\n\n\n<p>Dem Pr\u00e4sidenten der evangelischen arbeitsgemeinschaft familie e. V., Prof. Dr. Martin Bujard, ist es ein Anliegen, deutlich zu machen, dass Armutsbek\u00e4mpfung koordiniert und in der Fl\u00e4che erfolgen muss. \u201eAktuell feilschen die Ministerien um das Preisschild auf der Kindergrund\u00adsicherung. Die Konnotation, man k\u00f6nne \u201ezu viel\u201c in Armutsbek\u00e4mpfung stecken, ist unange\u00adbracht. Einem strukturellen Problem muss strukturell begegnet werden. Statt mit dem Finger auf die Betroffenen zu zeigen oder sie mit ihrer Situation allein zu lassen, fordern wir genaues Hinschauen. Neben Geldleistungen ist dabei auch der parallele Ausbau von sozialer Infrastruktur zentral f\u00fcr die Teilhabe von Familien und Chancen f\u00fcr Kinder. Nur bei ausk\u00f6mmlicher Finanzierung z. B. von qualitativ hochwertiger Kinderbetreuung oder Familienbildungsst\u00e4tten durch Kommunen und L\u00e4nder kann konkret und vorurteilsfrei vor Ort geholfen werden.\u201c<\/p>\n\n\n\n<p>Im Appell <a href=\"https:\/\/www.zukunftsforum-familie.de\/wp-content\/uploads\/20230613_Appell_Ratschlag-Kinderarmut.pdf\">\u201eHaltung zeigen gegen\u00fcber Kindern, Jugendlichen und Familien: Menschen in Armutslagen vorurteilsfrei begegnen!\u201c<\/a>des Ratschlag Kinderarmut hei\u00dft es: \u201e<strong>Wir fordern, die Ursachen von Armut vorurteilsfrei in den Blick zu nehmen, um Kinderarmut nachhaltig zu bek\u00e4mpfen! <\/strong>Betroffene Familien k\u00e4mpfen mit schlechten Rahmenbedingungen auf dem Arbeitsmarkt wie niedrigen L\u00f6hnen und prek\u00e4ren Besch\u00e4ftigungsverh\u00e4ltnissen. Dazu kommt eine oft mangelhafte Vereinbarkeit von Familie und Beruf und eine Kinderbetreuung, die tats\u00e4chliche Bedarfe nicht abdeckt. Lebensereignisse wie Arbeitslosigkeit, Trennung, Krankheit, Migration und Flucht steigern das Armutsrisiko erheblich. Die Konsequenz: Nicht jedes Kind startet mit den gleichen Grundvoraussetzungen ins Leben \u2013 die Chancen sind extrem ungleich verteilt.<\/p>\n\n\n\n<p>Statistisch betrachtet \u00fcberdauert Armut in Deutschland aktuell sechs Generationen. Das hei\u00dft umgekehrt, dass trotz gr\u00f6\u00dfter eigener Bem\u00fchungen f\u00fcnf Generationen aus eigener Kraft nicht den Aufstieg in die Mitte der Gesellschaft schaffen.<\/p>\n\n\n\n<p><strong>Armut ist kein individuelles Versagen, sondern ein strukturelles Problem!<\/strong><\/p>\n\n\n\n<p>In der aktuellen Diskussion um eine Kindergrundsicherung nehmen wir die von manchen Medien und politischen Entscheidungstr\u00e4ger:innen gezeichneten Bilder von Misstrauen als h\u00f6chst problematisch wahr. Vorurteile gegen\u00fcber einkommensarmen Eltern, sie w\u00fcrden die f\u00fcr ihre Kinder gedachten Geldleistungen f\u00fcr Alkohol, Tabak und elektronische Konsumg\u00fcter zweckentfremden, sind schlicht falsch. Sie verzerren den Blick auf die tats\u00e4chlichen Belastungen in prek\u00e4ren Lebenslagen sowie die gravierenden Folgen von Armut. Studien f\u00fcr Deutschland belegen dahingegen, dass Eltern aus einkommensschwachen Familien eher bei sich selbst als bei ihren Kindern sparen und in Relation zum verf\u00fcgbaren Einkommen genauso viel Geld f\u00fcr die Bildung ihrer Kinder verwenden wie einkommensst\u00e4rkere Eltern. Es sind diese stigmatisierenden Denkweisen, falschen Armutsbilder und irref\u00fchrenden Informationen, die dringend notwendige politische Reformen und L\u00f6sungen verhindern.<\/p>\n\n\n\n<p><strong>Von Armut betroffene Kinder, Jugendliche und ihre Familien brauchen Solidarit\u00e4t, Wertsch\u00e4tzung, Unterst\u00fctzung und Chancengerechtigkeit.\u201c<\/strong><\/p>\n\n\n\n<p>Der Appell wird unterst\u00fctzt von: Arbeiter-Samariter-Bund Deutschland e. V., Arbeits\u00adgemeinschaft der Spitzenverb\u00e4nde der Freien Wohlfahrtspflege des Landes NRW, Arbeitslosenverband Deutschland Landesverband Brandenburg e. V., Armut und Gesundheit in Deutschland e.&nbsp;V., AWO Bundesverband e. V., AWO Bezirksverband Niederrhein e. V., Bundesverband der Familienzentren e. V., Berufsverband der Kinder- und Jugend\u00e4rzte e. V. (BVKJ), Bundesforum M\u00e4nner e. V., Bundesjugendwerk der AWO e. V., Bundesverband der M\u00fctterzentren e.&nbsp;V., B\u00fcndnis f\u00fcr sexuelle Selbstbestimmung, Der Kinderschutzbund Bundesverband e. V., Der Kinderschutzbund Landesverband Rheinland-Pfalz e. V., Deutscher Parit\u00e4tischer Wohlfahrtsverband \u2013 Gesamtverband e. V., Deutscher Bundesjugendring e. V., Deutscher Caritasverband e. V., Deutsches Kinderhilfswerk e. V., DGSF &#8211; Deutsche Gesellschaft f\u00fcr Systemische Therapie, Beratung &amp; Familientherapie e. V, Diakonie Deutschland Evangelisches Werk f\u00fcr Diakonie und Entwicklung e. V., DIE LINKE. Stadtverband Kaiserslautern, Di\u00f6zesan-Caritasverband f\u00fcr das Erzbistum K\u00f6ln e. V., Erwerbslosengruppe ver.di Mittelbaden-Nordschwarzwald, evangelische arbeitsgemeinschaft familie e. V., Evangelischer Bundesfach\u00adverband Existenzsicherung und Teilhabe e. V. (EBET), Familienbund der Katholiken \u2013 Bundesverband, Institut f\u00fcr Sozialarbeit und Sozialp\u00e4dagogik e. V., Institut f\u00fcr Sozialarbeit und Sozialp\u00e4dagogik e. V., Internationaler Bund (IB) e. V., KINDERVEREINIGUNG e. V., Landesarmuts\u00adkonferenz Rheinland-Pfalz, Landesvereinigung f\u00fcr Gesundheit und Akademie f\u00fcr Sozialmedizin Niedersachsen Bremen e. V., Nationale Armutskonferenz, National Coalition Deutschland \u2013 Netzwerk zur Umsetzung der UN-Kinderrechtskonvention, Nestw\u00e4rme e. V. Deutschland, PEKiP e. V., Pr\u00e4ventionsketten Niedersachsen: Gesund aufwachsen f\u00fcr alle Kinder!, Save the Children Deutschland e. V., Selbstvertretung wohnungsloser Menschen e. V., SOS-Kinderdorf e. V., SoVD Sozialverband Deutschland e. V., Stiftung SPI, Verband alleinerziehender M\u00fctter und V\u00e4ter e. V., Verband binationaler Familien und Partnerschaften, iaf e. V., Volkssolidarit\u00e4t Bundesverband e.&nbsp;V., Zukunftsforum Familie e. V.<\/p>\n\n\n\n<p>Dar\u00fcber hinaus wird der Appell mitgetragen von: Dr. Irene Becker &#8211; Empirische Verteilungs\u00adforschung, Gerda Holz \u2013 Politikwissenschaftlerin und Sozialarbeiterin, Dr. Maksim H\u00fcbenthal \u2013 FU Berlin, Dr. Gisela Notz \u2013 Sozialwissenschaftlerin und Historikerin.<\/p>\n\n\n\n<p>Information zum Ratschlag Kinderarmut: Auf Initiative der Nationalen Armutskonferenz (nak) trafen sich 2016 zahlreiche bundesweit agierende Organisationen, um gemeinsam Perspektiven der Bek\u00e4mpfung von Kinderarmut zu diskutieren. Die erste gemeinsame Erkl\u00e4rung \u201eKeine Ausreden mehr: Armut von Kindern und Jugendlichen endlich bek\u00e4mpfen!\u201c mit konkreten Forderungen zur Bundestagswahl wurde im Juni 2017 unter breiter medialer Beachtung ver\u00f6ffentlicht. Es folgten gemeinsame Erkl\u00e4rungen im Jahr 2018 und 2020. Kurz nach der Bundestagswahl im Jahr 2021 ver\u00f6ffentlichte der Ratschlag die Erkl\u00e4rung \u201eVier Jahre Zeit, um Kinderarmut endg\u00fcltig zu beseitigen!\u201c und rief die Kampagne #4JahregegenKinderarmut ins Leben. Daran schloss sich im November 2022 die gemeinsame Erkl\u00e4rung \u201eSolidarit\u00e4t mit armutsbetroffenen Kindern, Jugendlichen und ihren Familien \u2013 besonders in der Inflationskrise!\u201c.<\/p>\n\n\n\n<p>Ansprechpartnerin: Svenja Kraus, E-Mail: <a href=\"mailto:info@eaf-bund.de\">info@eaf-bund.de<\/a><\/p>\n","protected":false},"excerpt":{"rendered":"<p>Haltung zeigen gegen\u00fcber Kindern, Jugendlichen und Familien, die Armut erfahren Pressemitteilung der eaf vom 16. Juni 2023 Berlin. In Teilen<\/p>\n","protected":false},"author":1,"featured_media":98,"comment_status":"closed","ping_status":"open","sticky":false,"template":"","format":"standard","meta":{"colormag_page_container_layout":"default_layout","colormag_page_sidebar_layout":"default_layout","footnotes":""},"categories":[6,51,5],"tags":[],"class_list":["post-443","post","type-post","status-publish","format-standard","has-post-thumbnail","hentry","category-eaf-bund","category-information","category-pressemitteilung"],"_links":{"self":[{"href":"https:\/\/eaf-pfalz.de\/index.php?rest_route=\/wp\/v2\/posts\/443","targetHints":{"allow":["GET"]}}],"collection":[{"href":"https:\/\/eaf-pfalz.de\/index.php?rest_route=\/wp\/v2\/posts"}],"about":[{"href":"https:\/\/eaf-pfalz.de\/index.php?rest_route=\/wp\/v2\/types\/post"}],"author":[{"embeddable":true,"href":"https:\/\/eaf-pfalz.de\/index.php?rest_route=\/wp\/v2\/users\/1"}],"replies":[{"embeddable":true,"href":"https:\/\/eaf-pfalz.de\/index.php?rest_route=%2Fwp%2Fv2%2Fcomments&post=443"}],"version-history":[{"count":3,"href":"https:\/\/eaf-pfalz.de\/index.php?rest_route=\/wp\/v2\/posts\/443\/revisions"}],"predecessor-version":[{"id":446,"href":"https:\/\/eaf-pfalz.de\/index.php?rest_route=\/wp\/v2\/posts\/443\/revisions\/446"}],"wp:featuredmedia":[{"embeddable":true,"href":"https:\/\/eaf-pfalz.de\/index.php?rest_route=\/wp\/v2\/media\/98"}],"wp:attachment":[{"href":"https:\/\/eaf-pfalz.de\/index.php?rest_route=%2Fwp%2Fv2%2Fmedia&parent=443"}],"wp:term":[{"taxonomy":"category","embeddable":true,"href":"https:\/\/eaf-pfalz.de\/index.php?rest_route=%2Fwp%2Fv2%2Fcategories&post=443"},{"taxonomy":"post_tag","embeddable":true,"href":"https:\/\/eaf-pfalz.de\/index.php?rest_route=%2Fwp%2Fv2%2Ftags&post=443"}],"curies":[{"name":"wp","href":"https:\/\/api.w.org\/{rel}","templated":true}]}}