{"id":449,"date":"2023-09-07T07:18:00","date_gmt":"2023-09-07T07:18:00","guid":{"rendered":"https:\/\/eaf-pfalz.de\/?p=449"},"modified":"2023-09-15T07:21:44","modified_gmt":"2023-09-15T07:21:44","slug":"erwartung-auf-echte-kindergrundsicherung-enttaeuscht","status":"publish","type":"post","link":"https:\/\/eaf-pfalz.de\/?p=449","title":{"rendered":"Erwartung auf echte Kindergrundsicherung entt\u00e4uscht"},"content":{"rendered":"\n<h4 class=\"wp-block-heading\"><strong> eaf sieht besseren Zugang aber kaum Leistungsverbesserungen<\/strong> <\/h4>\n\n\n\n<p><strong>Pressemitteilung der eaf vom 07.09.2023<\/strong><br>Berlin. Der aktuelle Referentenentwurf eines Gesetzes zur Einf\u00fchrung einer Kindergrundsicherung entt\u00e4uscht die Erwartungen der evangelischen arbeitsgemeinschaft familie e.V. (eaf): Die Chance auf ein neu bemessenes, deutlich erh\u00f6htes &#8222;ausreichendes Existenzminimum&#8220; f\u00fcr Kinder, eine ausk\u00f6mmliche finanzielle Absicherung f\u00fcr soziale Teilhabe und ein gutes Aufwachsen f\u00fcr alle wurde vertan. <\/p>\n\n\n\n<p>Svenja Kraus, Bundesgesch\u00e4ftsf\u00fchrerin der eaf, warnt: &#8222;Bei der Lekt\u00fcre des Entwurfs h\u00f6rt man f\u00f6rmlich das Sto\u00dfgebet der Ampel: &#8218;Bitte lass es kein zus\u00e4tzliches Geld kosten!&#8216; Das sagt einiges aus \u00fcber die Priorit\u00e4ten der Bundesregierung. Sicher ist, was wir kurzfristig sparen, wird zuk\u00fcnftigen Generationen in vielfacher H\u00f6he als Folgekosten unterlassener Armutsbek\u00e4mpfung auf die F\u00fc\u00dfe fallen.&#8220; <\/p>\n\n\n\n<p>&#8222;Wir erkennen den ernsthaften Versuch, zumindest verdeckte Armut durch den Kindergrund\u00adsicherungscheck zu verringern, an. Solange Kinder und Jugendliche aber nur Leistungen erhalten, die auf ein m\u00f6glichst niedriges sozialrechtliches Minimum gedeckelt sind, kann eine &#8218;Kindergrundsicherung&#8216; nicht gelingen&#8220;, erg\u00e4nzt Martin Bujard, Pr\u00e4sident der eaf. &#8222;Nur mehr Berechtigte zu erreichen, reicht jedoch nicht. Wir brauchen mehr Geld im System, in den Familien und in der Infrastruktur.&#8220; Bujard unterstreicht: &#8222;Beides ist notwendig: Mehr Geld durch eine echte Kindergrundsicherung sowie mehr ganzt\u00e4gige und qualitativ bessere Betreuungsangebote f\u00fcr Kinder, denn: Die Kinder sind unser aller Zukunft.&#8220; <\/p>\n\n\n\n<p>&#8222;Wir vermissen den politischen Willen f\u00fcr eine deutlich bessere Unterst\u00fctzung von Kindern und Jugendlichen&#8220;, f\u00fchrt Svenja Kraus, Bundesgesch\u00e4ftsf\u00fchrerin der eaf, aus. &#8222;Der Bundeshaushalt leistet sich Mindereinnahmen in H\u00f6he von 15 Milliarden Euro aus der Abfederung der kalten Progression und sechs Milliarden Euro nach Absenkung der Unternehmenssteuer. F\u00fcr die als &#8218;gr\u00f6\u00dfte sozialpolitische Reform des Koalitionsvertrags&#8216; angek\u00fcndigte Kindergrundsicherung ist dagegen deutlich weniger vorgesehen. Zwar werden die notwendigen Investitionen in die Digitalisierung und Entwicklung des Kinderchancenportals get\u00e4tigt, aber der Versuch des Bundesfinanzministers bleibt, nicht mehr als zwei Milliarden Euro in die Reduktion von Armut flie\u00dfen zu lassen.&#8220; <\/p>\n\n\n\n<p><a href=\"https:\/\/www.eaf-bund.de\/sites\/default\/files\/2023-09\/230906_STN_RefE_Einf%C3%BChrung_KGS_final.pdf\">Stellungnahme der eaf zum Referentenentwurf des BMFSFJ<\/a> &#8222;Entwurf eines Gesetzes zur Einf\u00fchrung einer Kindergrundsicherung und zur \u00c4nderung weiterer Bestimmungen&#8220;. <br>Ansprechpartnerin: Sigrid Andersen, E-Mail: <a href=\"mailto:andersen@eaf-bund.de\">andersen@eaf-bund.de&lt;mailto:andersen@eaf-bund.de><\/a><\/p>\n","protected":false},"excerpt":{"rendered":"<p>eaf sieht besseren Zugang aber kaum Leistungsverbesserungen Pressemitteilung der eaf vom 07.09.2023Berlin. Der aktuelle Referentenentwurf eines Gesetzes zur Einf\u00fchrung einer<\/p>\n","protected":false},"author":1,"featured_media":221,"comment_status":"closed","ping_status":"open","sticky":false,"template":"","format":"standard","meta":{"colormag_page_container_layout":"default_layout","colormag_page_sidebar_layout":"default_layout","footnotes":""},"categories":[6,5],"tags":[61],"class_list":["post-449","post","type-post","status-publish","format-standard","has-post-thumbnail","hentry","category-eaf-bund","category-pressemitteilung","tag-kindergrundsicherung"],"_links":{"self":[{"href":"https:\/\/eaf-pfalz.de\/index.php?rest_route=\/wp\/v2\/posts\/449","targetHints":{"allow":["GET"]}}],"collection":[{"href":"https:\/\/eaf-pfalz.de\/index.php?rest_route=\/wp\/v2\/posts"}],"about":[{"href":"https:\/\/eaf-pfalz.de\/index.php?rest_route=\/wp\/v2\/types\/post"}],"author":[{"embeddable":true,"href":"https:\/\/eaf-pfalz.de\/index.php?rest_route=\/wp\/v2\/users\/1"}],"replies":[{"embeddable":true,"href":"https:\/\/eaf-pfalz.de\/index.php?rest_route=%2Fwp%2Fv2%2Fcomments&post=449"}],"version-history":[{"count":3,"href":"https:\/\/eaf-pfalz.de\/index.php?rest_route=\/wp\/v2\/posts\/449\/revisions"}],"predecessor-version":[{"id":453,"href":"https:\/\/eaf-pfalz.de\/index.php?rest_route=\/wp\/v2\/posts\/449\/revisions\/453"}],"wp:featuredmedia":[{"embeddable":true,"href":"https:\/\/eaf-pfalz.de\/index.php?rest_route=\/wp\/v2\/media\/221"}],"wp:attachment":[{"href":"https:\/\/eaf-pfalz.de\/index.php?rest_route=%2Fwp%2Fv2%2Fmedia&parent=449"}],"wp:term":[{"taxonomy":"category","embeddable":true,"href":"https:\/\/eaf-pfalz.de\/index.php?rest_route=%2Fwp%2Fv2%2Fcategories&post=449"},{"taxonomy":"post_tag","embeddable":true,"href":"https:\/\/eaf-pfalz.de\/index.php?rest_route=%2Fwp%2Fv2%2Ftags&post=449"}],"curies":[{"name":"wp","href":"https:\/\/api.w.org\/{rel}","templated":true}]}}