{"id":456,"date":"2023-09-11T07:23:00","date_gmt":"2023-09-11T07:23:00","guid":{"rendered":"https:\/\/eaf-pfalz.de\/?p=456"},"modified":"2023-09-15T07:28:04","modified_gmt":"2023-09-15T07:28:04","slug":"fortbildungsreihe-bildung-fuer-alle","status":"publish","type":"post","link":"https:\/\/eaf-pfalz.de\/?p=456","title":{"rendered":"Fortbildungsreihe: &#8222;Bildung f\u00fcr alle?!&#8220;"},"content":{"rendered":"\n<p>Herzliche Einladung zur Auftaktveranstaltung: &#8222;Bildung f\u00fcr alle?! Ein Beitrag zu Bildungsgerechtigkeit&#8220; am 8.11.2023, 10.00-11.00 Uhr <\/p>\n\n\n\n<p>Die Regelangebote der Erwachsenen- und Familienbildung bieten viele Ankn\u00fcpfungspunkte f\u00fcr Grundbildung. <br>Wie lassen sich diese identifizieren? <br>Wie k\u00f6nnen die Regelangebote anschlussf\u00e4hig f\u00fcr Grundbildung sein? <br>Welche Stolpersteine bestehen und wie k\u00f6nnen diese aus dem Weg ger\u00e4umt werden? <\/p>\n\n\n\n<p>Die Veranstaltungsreihe findet online statt und ist f\u00fcr die Teilnehmer:innen kostenfrei. <br>Mehr Informationen unter: <a href=\"https:\/\/www.ba-kd.de\/programm\/bildung-fuer-alle-regelangebote-fuer-die-grundbildung-entdecken-2024-06\/\">https:\/\/www.ba-kd.de\/programm\/bildung-fuer-alle-regelangebote-fuer-die-grundbildung-entdecken-2024-06\/<\/a> <\/p>\n","protected":false},"excerpt":{"rendered":"<p>Herzliche Einladung zur Auftaktveranstaltung: &#8222;Bildung f\u00fcr alle?! Ein Beitrag zu Bildungsgerechtigkeit&#8220; am 8.11.2023, 10.00-11.00 Uhr Die Regelangebote der Erwachsenen- und<\/p>\n","protected":false},"author":1,"featured_media":459,"comment_status":"closed","ping_status":"open","sticky":false,"template":"","format":"standard","meta":{"colormag_page_container_layout":"default_layout","colormag_page_sidebar_layout":"default_layout","footnotes":""},"categories":[46,7,39],"tags":[],"class_list":["post-456","post","type-post","status-publish","format-standard","has-post-thumbnail","hentry","category-fortbildung","category-veranstaltung","category-workshop"],"_links":{"self":[{"href":"https:\/\/eaf-pfalz.de\/index.php?rest_route=\/wp\/v2\/posts\/456","targetHints":{"allow":["GET"]}}],"collection":[{"href":"https:\/\/eaf-pfalz.de\/index.php?rest_route=\/wp\/v2\/posts"}],"about":[{"href":"https:\/\/eaf-pfalz.de\/index.php?rest_route=\/wp\/v2\/types\/post"}],"author":[{"embeddable":true,"href":"https:\/\/eaf-pfalz.de\/index.php?rest_route=\/wp\/v2\/users\/1"}],"replies":[{"embeddable":true,"href":"https:\/\/eaf-pfalz.de\/index.php?rest_route=%2Fwp%2Fv2%2Fcomments&post=456"}],"version-history":[{"count":1,"href":"https:\/\/eaf-pfalz.de\/index.php?rest_route=\/wp\/v2\/posts\/456\/revisions"}],"predecessor-version":[{"id":457,"href":"https:\/\/eaf-pfalz.de\/index.php?rest_route=\/wp\/v2\/posts\/456\/revisions\/457"}],"wp:featuredmedia":[{"embeddable":true,"href":"https:\/\/eaf-pfalz.de\/index.php?rest_route=\/wp\/v2\/media\/459"}],"wp:attachment":[{"href":"https:\/\/eaf-pfalz.de\/index.php?rest_route=%2Fwp%2Fv2%2Fmedia&parent=456"}],"wp:term":[{"taxonomy":"category","embeddable":true,"href":"https:\/\/eaf-pfalz.de\/index.php?rest_route=%2Fwp%2Fv2%2Fcategories&post=456"},{"taxonomy":"post_tag","embeddable":true,"href":"https:\/\/eaf-pfalz.de\/index.php?rest_route=%2Fwp%2Fv2%2Ftags&post=456"}],"curies":[{"name":"wp","href":"https:\/\/api.w.org\/{rel}","templated":true}]}}