{"id":460,"date":"2023-09-13T07:33:00","date_gmt":"2023-09-13T07:33:00","guid":{"rendered":"https:\/\/eaf-pfalz.de\/?p=460"},"modified":"2023-09-15T07:34:17","modified_gmt":"2023-09-15T07:34:17","slug":"online-veranstaltung-vater-sein-kann-man-nicht-von-muettern-lernen","status":"publish","type":"post","link":"https:\/\/eaf-pfalz.de\/?p=460","title":{"rendered":"Online-Veranstaltung \u201eVater sein kann man nicht von M\u00fcttern lernen\u201c"},"content":{"rendered":"\n<p>Herzliche Einladung zur Online-Veranstaltung \u201eVater sein kann man nicht von M\u00fcttern lernen\u201c am 21. November 2023 von 19.30 bis 21.30 Uhr. <\/p>\n\n\n\n<p>Wir freuen uns auf einen interessanten Abend mit dem Autor Mathias Voelchert. Demn\u00e4chst erscheint sein neues Buch \u201eVater werden. Papa sein. Den eigenen Weg finden f\u00fcr ein gl\u00fcckliches Familienleben.\u201c Er ist Gr\u00fcnder und Leiter von \u201eBeziehung im Wandel\u201c <a href=\"https:\/\/bimw.de\/\">https:\/\/bimw.de\/<\/a> und er hat in enger Zusammenarbeit mit Jesper Juul die Familienwerkstatt familylab.de <a href=\"https:\/\/familylab.de\/\">https:\/\/familylab.de\/<\/a> gegr\u00fcndet. <\/p>\n\n\n\n<p>F\u00fcr unsere Mitglieder im Forum Familienbildung bieten wir folgendes an: Sie k\u00f6nnen diesen Vortrag in Ihre Einrichtung \u201ebeamen\u201c und als Abendveranstaltung f\u00fcr Ihr Team oder f\u00fcr interessierte Eltern nutzen und im Anschluss des Vortrages mit den Anwesenden vor Ort ins Gespr\u00e4ch kommen. Daf\u00fcr erheben wir eine pauschale Geb\u00fchr \u00fcber 50 \u20ac pro Einrichtung. Wenn Sie daran interessiert sind, dann f\u00fcgen Sie bitte in dem Anmeldeformular in das letzte K\u00e4stchen Weitere Mitteilungen \/ Anmerkungen \/ Informationen ein, dass Sie als Einrichtung teilnehmen m\u00f6chten. <\/p>\n\n\n\n<p>Mehr Informationen und das Anmeldeformular finden Sie hier: <a href=\"https:\/\/www.eaf-bund.de\/service\/veranstaltungen\/2023-11-21-vater-sein-kann-man-nicht-von-muettern-lernen-k-o-23\">https:\/\/www.eaf-bund.de\/service\/veranstaltungen\/2023-11-21-vater-sein-kann-man-nicht-von-muettern-lernen-k-o-23<\/a> Wir freuen uns auf eine rege Teilnahme und einen spannenden Austausch.<\/p>\n","protected":false},"excerpt":{"rendered":"<p>Herzliche Einladung zur Online-Veranstaltung \u201eVater sein kann man nicht von M\u00fcttern lernen\u201c am 21. November 2023 von 19.30 bis 21.30<\/p>\n","protected":false},"author":1,"featured_media":464,"comment_status":"closed","ping_status":"open","sticky":false,"template":"","format":"standard","meta":{"colormag_page_container_layout":"default_layout","colormag_page_sidebar_layout":"default_layout","footnotes":""},"categories":[13,27,7],"tags":[],"class_list":["post-460","post","type-post","status-publish","format-standard","has-post-thumbnail","hentry","category-digital","category-online","category-veranstaltung"],"_links":{"self":[{"href":"https:\/\/eaf-pfalz.de\/index.php?rest_route=\/wp\/v2\/posts\/460","targetHints":{"allow":["GET"]}}],"collection":[{"href":"https:\/\/eaf-pfalz.de\/index.php?rest_route=\/wp\/v2\/posts"}],"about":[{"href":"https:\/\/eaf-pfalz.de\/index.php?rest_route=\/wp\/v2\/types\/post"}],"author":[{"embeddable":true,"href":"https:\/\/eaf-pfalz.de\/index.php?rest_route=\/wp\/v2\/users\/1"}],"replies":[{"embeddable":true,"href":"https:\/\/eaf-pfalz.de\/index.php?rest_route=%2Fwp%2Fv2%2Fcomments&post=460"}],"version-history":[{"count":1,"href":"https:\/\/eaf-pfalz.de\/index.php?rest_route=\/wp\/v2\/posts\/460\/revisions"}],"predecessor-version":[{"id":461,"href":"https:\/\/eaf-pfalz.de\/index.php?rest_route=\/wp\/v2\/posts\/460\/revisions\/461"}],"wp:featuredmedia":[{"embeddable":true,"href":"https:\/\/eaf-pfalz.de\/index.php?rest_route=\/wp\/v2\/media\/464"}],"wp:attachment":[{"href":"https:\/\/eaf-pfalz.de\/index.php?rest_route=%2Fwp%2Fv2%2Fmedia&parent=460"}],"wp:term":[{"taxonomy":"category","embeddable":true,"href":"https:\/\/eaf-pfalz.de\/index.php?rest_route=%2Fwp%2Fv2%2Fcategories&post=460"},{"taxonomy":"post_tag","embeddable":true,"href":"https:\/\/eaf-pfalz.de\/index.php?rest_route=%2Fwp%2Fv2%2Ftags&post=460"}],"curies":[{"name":"wp","href":"https:\/\/api.w.org\/{rel}","templated":true}]}}