{"id":468,"date":"2023-09-26T19:21:00","date_gmt":"2023-09-26T19:21:00","guid":{"rendered":"https:\/\/eaf-pfalz.de\/?p=468"},"modified":"2023-09-28T19:21:59","modified_gmt":"2023-09-28T19:21:59","slug":"familien-und-klimapolitik-zusammen-denken","status":"publish","type":"post","link":"https:\/\/eaf-pfalz.de\/?p=468","title":{"rendered":"Familien und Klimapolitik zusammen denken!"},"content":{"rendered":"\n<p><strong>eaf-Jahrestagung diskutiert Auswirkungen von Klimapolitik auf das Leben von Familien und die Rolle von Familien f\u00fcr eine gesellschaftliche Mehrheit f\u00fcr Klimaschutz<\/strong><\/p>\n\n\n\n<p><strong>Pressemitteilung der eaf vom 26. September 2023<\/strong><\/p>\n\n\n\n<p><strong>Berlin.<\/strong> Am Freitag endete die Fachtagung \u201eEiskalt erwischt?! Nicht mit uns! Klimapolitik f\u00fcr und mit Familien\u201c der evangelischen arbeitsgemeinschaft familie e. V. (eaf) mit der deutlichen Forderung an die Bundesregierung, Familienpolitik und Klimapolitik stets zusammen zu denken.<\/p>\n\n\n\n<p>Martin Bujard, Pr\u00e4sident der eaf, fasst die Ergebnisse der Tagung zusammen: \u201eDer Klimawandel ist allgegenw\u00e4rtig und seine sozialen, finanziellen und emotionalen Folgen treffen uns alle. Als evangelischer familienpolitischer Verband haben wir eine Doppelrolle: Zum einen nehmen wir die gesellschaftliche Herausforderung an und fordern die Bundesregierung auf, klimapolitische Ma\u00dfnahmen immer auch daraufhin zu \u00fcberpr\u00fcfen, welche Auswirkungen sie auf Familien haben. Zum anderen ist es unsere Aufgabe, gegen\u00fcber Kirche und Politik die Rolle von Familien als aktive Gestalterinnen einer klimagerechten Gesellschaft deutlich zu machen und sie dabei zu unter\u00adst\u00fctzen.\u201c Die wichtige Rolle der Familie in dieser Frage werde untersch\u00e4tzt: \u201eBei der gesell\u00adschaftlichen Debatte zum Klimaschutz werden oft Gruppen und Generationen gegeneinander ausgespielt, was \u00c4ngste forciert und die Unterst\u00fctzung f\u00fcr Klimaschutzpolitik unterminiert. Familien bringen verschiedene Generationen zusammen, die Baby-Boomer lernen von der Fridays-Generation und umgekehrt \u2013 nur so entsteht eine breite gesellschaftliche Mehrheit f\u00fcr eine mutige und konstruktive Klimapolitik\u201c, so Bujard.<\/p>\n\n\n\n<p>Die eaf hatte f\u00fcr zwei Tage Wissenschaftler:innen, Expert:innen aus Diakonie, Kirche und Zivilgesellschaft sowie zahlreiche Teilnehmer:innen aus den eaf-Mitgliedsverb\u00e4nden und Familienbildungsst\u00e4tten eingeladen. Aus unterschiedlichen Blickwinkeln wurde beleuchtet, vor welche Herausforderungen Familien durch die unmittelbaren Auswirkungen des Klimawandels sowie durch klimapolitische Ma\u00dfnahmen gestellt werden. Schlie\u00dflich wurde im Plenum diskutiert, was sie brauchen, um mit diesen Herausforderungen gut umgehen zu k\u00f6nnen und welche Rolle die Kirche und ihr familienpolitischer Verband dabei zuk\u00fcnftig spielen sollten.<\/p>\n\n\n\n<p>Die eaf war mit ihrer Tagung zu Gast im Martinshaus in Rendsburg und wurde bei der Vorbereitung und Durchf\u00fchrung unterst\u00fctzt von der der Evangelisch-Lutherischen Kirche in Norddeutschland (Nordkirche). Gothart Magaard, Bischof im Sprengel Schleswig und Holstein, betonte in seinem Gru\u00dfwort: \u201eSchon im Motto Ihrer Tagung setzen Sie bewusst ein Ausrufezeichen. Und ich deute dieses Ausrufezeichen so: Ohne Familie ist Klimapolitik nicht m\u00f6glich. Denn Klimapolitik ist nicht ohne Bildung m\u00f6glich. Das ist eine Erfahrung, die uns in der Nordkirche und mich auch pers\u00f6nlich seit vielen Jahren motiviert, die Themen Klimaschutz, Familie und fr\u00fchkindliche Bildung zusammenzudenken.\u201c<\/p>\n\n\n\n<p>Die Dokumentation der Tagung mit Beitr\u00e4gen u. a. von Prof. Dr. Stefan C. Aykut (Universit\u00e4t Hamburg), Dr. Ingo Wolf (Forschungsinstitut f\u00fcr Nachhaltigkeit &#8211; Helmholtz-Zentrum Potsdam), Wiebke Rockhoff (Diakonie Deutschland), Christian Ledig (KLIMA ARENA Sinsheim), dem Religionsmonitor 2023 (Bertelsmann Stiftung) und Dr. Edgar Wunder (Sozialwissenschaftliches Institut der EKD) finden Sie in K\u00fcrze auf unserer Website.<\/p>\n\n\n\n<p>Ansprechpartnerin: Konstanze Hartmann-Boudol, E-Mail: <a href=\"mailto:Hartmann-Boudol@eaf-bund.de\">Hartmann-Boudol@eaf-bund.de<\/a><\/p>\n","protected":false},"excerpt":{"rendered":"<p>eaf-Jahrestagung diskutiert Auswirkungen von Klimapolitik auf das Leben von Familien und die Rolle von Familien f\u00fcr eine gesellschaftliche Mehrheit f\u00fcr<\/p>\n","protected":false},"author":1,"featured_media":472,"comment_status":"closed","ping_status":"open","sticky":false,"template":"","format":"standard","meta":{"colormag_page_container_layout":"default_layout","colormag_page_sidebar_layout":"default_layout","footnotes":""},"categories":[6,5],"tags":[10,68],"class_list":["post-468","post","type-post","status-publish","format-standard","has-post-thumbnail","hentry","category-eaf-bund","category-pressemitteilung","tag-familie","tag-klima"],"_links":{"self":[{"href":"https:\/\/eaf-pfalz.de\/index.php?rest_route=\/wp\/v2\/posts\/468","targetHints":{"allow":["GET"]}}],"collection":[{"href":"https:\/\/eaf-pfalz.de\/index.php?rest_route=\/wp\/v2\/posts"}],"about":[{"href":"https:\/\/eaf-pfalz.de\/index.php?rest_route=\/wp\/v2\/types\/post"}],"author":[{"embeddable":true,"href":"https:\/\/eaf-pfalz.de\/index.php?rest_route=\/wp\/v2\/users\/1"}],"replies":[{"embeddable":true,"href":"https:\/\/eaf-pfalz.de\/index.php?rest_route=%2Fwp%2Fv2%2Fcomments&post=468"}],"version-history":[{"count":3,"href":"https:\/\/eaf-pfalz.de\/index.php?rest_route=\/wp\/v2\/posts\/468\/revisions"}],"predecessor-version":[{"id":471,"href":"https:\/\/eaf-pfalz.de\/index.php?rest_route=\/wp\/v2\/posts\/468\/revisions\/471"}],"wp:featuredmedia":[{"embeddable":true,"href":"https:\/\/eaf-pfalz.de\/index.php?rest_route=\/wp\/v2\/media\/472"}],"wp:attachment":[{"href":"https:\/\/eaf-pfalz.de\/index.php?rest_route=%2Fwp%2Fv2%2Fmedia&parent=468"}],"wp:term":[{"taxonomy":"category","embeddable":true,"href":"https:\/\/eaf-pfalz.de\/index.php?rest_route=%2Fwp%2Fv2%2Fcategories&post=468"},{"taxonomy":"post_tag","embeddable":true,"href":"https:\/\/eaf-pfalz.de\/index.php?rest_route=%2Fwp%2Fv2%2Ftags&post=468"}],"curies":[{"name":"wp","href":"https:\/\/api.w.org\/{rel}","templated":true}]}}