{"id":476,"date":"2023-10-09T20:55:13","date_gmt":"2023-10-09T20:55:13","guid":{"rendered":"https:\/\/eaf-pfalz.de\/?p=476"},"modified":"2023-10-09T20:55:15","modified_gmt":"2023-10-09T20:55:15","slug":"kid-0-3-wie-geht-es-familien-mit-0-bis-3-jaehrigen-kindern","status":"publish","type":"post","link":"https:\/\/eaf-pfalz.de\/?p=476","title":{"rendered":"KiD 0-3: Wie geht es Familien mit 0- bis 3-j\u00e4hrigen Kindern?"},"content":{"rendered":"\n<p>Herzliche Einladung zu der Online-Veranstaltung <strong>KiD 0-3: Repr\u00e4sentativbefragung 2022 Wie geht es Familien mit 0- bis 3-j\u00e4hrigen Kindern?<\/strong> in unserer Reihe <strong>&#8222;Familienbildung im Gespr\u00e4ch mit Wissenschaft und Forschung&#8220; am 30. November 2023 von 10.00-12.00 Uhr. <\/strong><\/p>\n\n\n\n<p>Im letzten Jahr, am 26. September 2022, war Ilona Renner vom Nationales Zentrum Fr\u00fche Hilfen (NZFH) schon einmal Gast bei uns. Allerdings war die KiD 0-3: Repr\u00e4sentativbefragung zu diesem Zeitpunkt noch nicht endg\u00fcltig abgeschlossen und ausgewertet. Wir freuen uns, dass die ersten Ergebnisse nun vorliegen und sind gespannt auf die Pr\u00e4sentation und die anschlie\u00dfende Diskussion. F\u00fcr die Personen, die am 26.9.22 teilgenommen und bezahlt haben, ist diese Veranstaltung deshalb kostenfrei (bitte hinterlassen Sie in diesem Fall bei der Anmeldung eine entsprechende Notiz im Feld &#8222;weitere Mitteilungen&#8220;). <\/p>\n\n\n\n<p>Mehr Informationen und das Anmeldeformular finden Sie hier: <a href=\"https:\/\/www.eaf-bund.de\/service\/veranstaltungen\/2023-11-30-familienbildung-im-gespraech-mit-wissenschaft-und-forschung-kurs\">https:\/\/www.eaf-bund.de\/service\/veranstaltungen\/2023-11-30-familienbildung-im-gespraech-mit-wissenschaft-und-forschung-kurs<\/a><\/p>\n","protected":false},"excerpt":{"rendered":"<p>Herzliche Einladung zu der Online-Veranstaltung KiD 0-3: Repr\u00e4sentativbefragung 2022 Wie geht es Familien mit 0- bis 3-j\u00e4hrigen Kindern? in unserer<\/p>\n","protected":false},"author":1,"featured_media":477,"comment_status":"closed","ping_status":"open","sticky":false,"template":"","format":"standard","meta":{"colormag_page_container_layout":"default_layout","colormag_page_sidebar_layout":"default_layout","footnotes":""},"categories":[13,6,27,7],"tags":[10,72,70,69,16,71],"class_list":["post-476","post","type-post","status-publish","format-standard","has-post-thumbnail","hentry","category-digital","category-eaf-bund","category-online","category-veranstaltung","tag-familie","tag-forschung","tag-fruehe-hilfen","tag-kid","tag-online","tag-wissenschaft"],"_links":{"self":[{"href":"https:\/\/eaf-pfalz.de\/index.php?rest_route=\/wp\/v2\/posts\/476","targetHints":{"allow":["GET"]}}],"collection":[{"href":"https:\/\/eaf-pfalz.de\/index.php?rest_route=\/wp\/v2\/posts"}],"about":[{"href":"https:\/\/eaf-pfalz.de\/index.php?rest_route=\/wp\/v2\/types\/post"}],"author":[{"embeddable":true,"href":"https:\/\/eaf-pfalz.de\/index.php?rest_route=\/wp\/v2\/users\/1"}],"replies":[{"embeddable":true,"href":"https:\/\/eaf-pfalz.de\/index.php?rest_route=%2Fwp%2Fv2%2Fcomments&post=476"}],"version-history":[{"count":1,"href":"https:\/\/eaf-pfalz.de\/index.php?rest_route=\/wp\/v2\/posts\/476\/revisions"}],"predecessor-version":[{"id":478,"href":"https:\/\/eaf-pfalz.de\/index.php?rest_route=\/wp\/v2\/posts\/476\/revisions\/478"}],"wp:featuredmedia":[{"embeddable":true,"href":"https:\/\/eaf-pfalz.de\/index.php?rest_route=\/wp\/v2\/media\/477"}],"wp:attachment":[{"href":"https:\/\/eaf-pfalz.de\/index.php?rest_route=%2Fwp%2Fv2%2Fmedia&parent=476"}],"wp:term":[{"taxonomy":"category","embeddable":true,"href":"https:\/\/eaf-pfalz.de\/index.php?rest_route=%2Fwp%2Fv2%2Fcategories&post=476"},{"taxonomy":"post_tag","embeddable":true,"href":"https:\/\/eaf-pfalz.de\/index.php?rest_route=%2Fwp%2Fv2%2Ftags&post=476"}],"curies":[{"name":"wp","href":"https:\/\/api.w.org\/{rel}","templated":true}]}}