{"id":480,"date":"2023-10-13T09:39:03","date_gmt":"2023-10-13T09:39:03","guid":{"rendered":"https:\/\/eaf-pfalz.de\/?p=480"},"modified":"2023-10-31T09:45:13","modified_gmt":"2023-10-31T09:45:13","slug":"das-ganztagsfoerderungsgesetz-muss-qualitativ-hochwertig-umgesetzt-werden","status":"publish","type":"post","link":"https:\/\/eaf-pfalz.de\/?p=480","title":{"rendered":"Das Ganztagsf\u00f6rderungsgesetz muss qualitativ hochwertig umgesetzt werden"},"content":{"rendered":"\n<h4 class=\"wp-block-heading\">Breites Verb\u00e4ndeb\u00fcndnis \u00e4u\u00dfert sich zu Ergebnissen der K<strong>MK und JFMK <\/strong><\/h4>\n\n\n\n<p><strong>Pressemitteilung der eaf vom 13. Oktober 2023<\/strong><\/p>\n\n\n\n<p>Berlin. Anl\u00e4sslich der gemeinsamen Sitzung der Kultusministerkonferenz (KMK) und der Jugend- und Familienministerkonferenz (JFMK) heute in Berlin fordert die evangelische arbeitsgemeinschaft familie e. V. (eaf) gemeinsam mit ihren Partnerorganisationen aus einem zivilgesellschaftlichen B\u00fcndnis von Bund, L\u00e4ndern und Kommunen den kontinuierlichen Dialog mit der Praxis und Einbeziehung der Expertise der Fach-, Wohlfahrts- und Interessenverb\u00e4nde bei der Entwicklung eines wirkungsvollen Qualit\u00e4tsrahmens. <br>Viele Eltern warten seit langem auf den Rechtsanspruch auf Ganztagsbetreuung f\u00fcr Grundschulkinder. Die eaf begr\u00fc\u00dft die stufenweise Einf\u00fchrung ab 2026, sieht jedoch weiteren Handlungsbedarf und w\u00fcnscht sich die st\u00e4rkere Verzahnung von Schule und au\u00dferschulischen Tr\u00e4gern. Dies unterstreicht Martin Bujard, Pr\u00e4sident der eaf: &#8222;Mit Einf\u00fchrung des Rechtsanspruches auf Betreuung m\u00fcssen Eltern auch die Sicherheit haben, dass diese verl\u00e4sslich ist und Kinder nicht nur betreut, sondern die Ganztagsangebote auch qualitativ hochwertig sind. Die evangelischen Familienbildungsst\u00e4tten sind z. B. hervorragende au\u00dferschulische Lernorte, die unbedingt in die Konzeption miteingebunden werden sollten.&#8220; <br>Nach Ansicht des evangelischen Familienverbandes muss beim Thema Kinderbetreuung auch \u00fcber die Teilhabe vieler sozio\u00f6konomisch benachteiligter Familien und gesellschaftliche Aufstiegschancen geredet werden. Es m\u00fcsse deutlich mehr Geld in die Hand genommen werden, um Eltern die M\u00f6glichkeit zu geben, Erwerbsarbeit nachzugehen und Kindern gute Zukunftschancen durch fr\u00fchkindliche Bildungsangebote zu machen, so Bujard. &#8222;Beides ist notwendig: mehr, ganzt\u00e4gige und qualitativ bessere Betreuungsangebote f\u00fcr Kinder sowie mehr Geld durch eine echte Kindergrundsicherung, denn: Die Kinder sind unser aller Zukunft.&#8220; <\/p>\n\n\n\n<p>Ansprechpartnerin: Svenja Kraus, E-Mail: <a href=\"mailto:kraus@eaf-bund.de\">kraus@eaf-bund.de&lt;mailto:kraus@eaf-bund.de&gt;<\/a><\/p>\n","protected":false},"excerpt":{"rendered":"<p>Breites Verb\u00e4ndeb\u00fcndnis \u00e4u\u00dfert sich zu Ergebnissen der KMK und JFMK Pressemitteilung der eaf vom 13. Oktober 2023 Berlin. Anl\u00e4sslich der<\/p>\n","protected":false},"author":1,"featured_media":484,"comment_status":"closed","ping_status":"open","sticky":false,"template":"","format":"standard","meta":{"colormag_page_container_layout":"default_layout","colormag_page_sidebar_layout":"default_layout","footnotes":""},"categories":[6,5],"tags":[],"class_list":["post-480","post","type-post","status-publish","format-standard","has-post-thumbnail","hentry","category-eaf-bund","category-pressemitteilung"],"_links":{"self":[{"href":"https:\/\/eaf-pfalz.de\/index.php?rest_route=\/wp\/v2\/posts\/480","targetHints":{"allow":["GET"]}}],"collection":[{"href":"https:\/\/eaf-pfalz.de\/index.php?rest_route=\/wp\/v2\/posts"}],"about":[{"href":"https:\/\/eaf-pfalz.de\/index.php?rest_route=\/wp\/v2\/types\/post"}],"author":[{"embeddable":true,"href":"https:\/\/eaf-pfalz.de\/index.php?rest_route=\/wp\/v2\/users\/1"}],"replies":[{"embeddable":true,"href":"https:\/\/eaf-pfalz.de\/index.php?rest_route=%2Fwp%2Fv2%2Fcomments&post=480"}],"version-history":[{"count":8,"href":"https:\/\/eaf-pfalz.de\/index.php?rest_route=\/wp\/v2\/posts\/480\/revisions"}],"predecessor-version":[{"id":490,"href":"https:\/\/eaf-pfalz.de\/index.php?rest_route=\/wp\/v2\/posts\/480\/revisions\/490"}],"wp:featuredmedia":[{"embeddable":true,"href":"https:\/\/eaf-pfalz.de\/index.php?rest_route=\/wp\/v2\/media\/484"}],"wp:attachment":[{"href":"https:\/\/eaf-pfalz.de\/index.php?rest_route=%2Fwp%2Fv2%2Fmedia&parent=480"}],"wp:term":[{"taxonomy":"category","embeddable":true,"href":"https:\/\/eaf-pfalz.de\/index.php?rest_route=%2Fwp%2Fv2%2Fcategories&post=480"},{"taxonomy":"post_tag","embeddable":true,"href":"https:\/\/eaf-pfalz.de\/index.php?rest_route=%2Fwp%2Fv2%2Ftags&post=480"}],"curies":[{"name":"wp","href":"https:\/\/api.w.org\/{rel}","templated":true}]}}