{"id":492,"date":"2023-11-13T17:04:00","date_gmt":"2023-11-13T17:04:00","guid":{"rendered":"https:\/\/eaf-pfalz.de\/?p=492"},"modified":"2023-11-16T17:05:26","modified_gmt":"2023-11-16T17:05:26","slug":"kindergrundsicherung-weder-systemwechsel-noch-nennenswerte-leistungsverbesserung","status":"publish","type":"post","link":"https:\/\/eaf-pfalz.de\/?p=492","title":{"rendered":"Kindergrundsicherung: Weder Systemwechsel noch nennenswerte Leistungsverbesserung"},"content":{"rendered":"\n<h5 class=\"wp-block-heading\"><strong>eaf fordert erhebliche Nachbesserungen im parlamentarischen Verfahren <\/strong><\/h5>\n\n\n\n<p><strong>Pressemitteilung der eaf Bund vom 13.11.23 <\/strong><\/p>\n\n\n\n<p><strong>Berlin.<\/strong> Die evangelische arbeitsgemeinschaft familie (eaf) kritisiert den von der Bundesregierung vorgelegten Gesetzentwurf zur Kindergrundsicherung als vertane Chance auf eine ausk\u00f6mmliche finanzielle Absicherung f\u00fcr soziale Teilhabe und ein gutes Aufwachsen aller Kinder. \u201eEin vorurteilsfreier Blick auf die Ursachen von Armut fehlt dieser Reform aus unserer Sicht ebenso wie der politische Wille, ausreichend Geld in die Hand zu nehmen, um Kinder und Jugendliche deutlich besser als bisher zu unterst\u00fctzen\u201c, so Martin Bujard, Pr\u00e4sident der eaf. \u201eWir haben uns eine weit umfassendere Reform gew\u00fcnscht. Nun geht es darum, mit dem vorgelegten Entwurf konstruktiv umzugehen.\u201c<br>Anl\u00e4sslich der heute stattfindenden Anh\u00f6rung im Familienausschuss des Bundestages fordert die eaf \u2013 mit Blick auf die sonst entstehenden Folgekosten unterlassener Armutsbek\u00e4mpfung \u2013 erhebliche Nachbesserungen am Gesetzentwurf im parlamentarischen Verfahren. Vordringlich sind aus ihrer Sicht dabei folgende Punkte:<\/p>\n\n\n\n<p><strong><em>1. Zusatzbetrag pauschal um 15 Euro Teilhabebetrag und 20 Euro Sofortzuschlag erh\u00f6hen<\/em><\/strong><br>Solange die Neuberechnung eines ausreichenden Kindermindestbedarfs aussteht, sollte der pauschale Teilhabebetrag von 15 Euro zus\u00e4tzlich zum Zusatzbetrag (und unabh\u00e4ngig von der H\u00f6he des Anspruchs auf den Zusatzbetrag) ohne jede Nachweispflicht automatisch mit ausgezahlt werden. Das Gleiche gilt f\u00fcr den monatlichen Sofortzuschlag von 20 Euro nach \u00a7 72 SGB II, dessen Streichung im parlamentarischen Verfahren zur\u00fcckgenommen werden sollte.<\/p>\n\n\n\n<p><strong><em>2. Kinder von Alleinerziehenden besser erreichen: <\/em><\/strong><br>Vorgesehene \u00c4nderungen im Unterhaltsvorschussgesetz streichen, Unterhaltsvorschuss neu berechnen<br>Alleinerziehende und \u00fcberwiegend alleinerziehende Eltern brauchen keine \u201eErwerbsanreize\u201c, denn es fehlt ihnen an vielem, aber nicht an der Motivation. Deshalb sollte die darauf abzielende \u00c4nderung des Unterhaltsvorschussgesetzes komplett entfallen. \u00c4nderungsbedarf sieht die eafdagegen im Hinblick auf die Ermittlung der H\u00f6he des Unterhaltsvorschusses. Dieser sollte k\u00fcnftig errechnet werden, indem vom Mindestunterhalt nur die H\u00e4lfte des Kindergeldes bzw. des Kinder-<br>garantiebetrages abgezogen wird.<\/p>\n\n\n\n<p><strong><em>3. Vorl\u00e4ufigen Umgangsmehrbedarfszuschlag einf\u00fchren<\/em><\/strong><br>Der erh\u00f6hte Bedarf von Kindern in Trennungsfamilien wird in dem vorliegenden Entwurf nicht ber\u00fccksichtigt. Solange ein ausreichender Umgangsmehrbedarf f\u00fcr Trennungskinder nicht ermittelt wird, sollte der daraus resultierenden Unterdeckung der Bedarfe des Kindes in beiden Haushalten im parlamentarischen Verfahren zumindest \u00fcbergangsweise abgeholfen werden, indem diese Kinder bei Anspruch auf den Zusatzbetrag einen vorl\u00e4ufigen Umgangsmehr-<br>bedarfszuschlag in H\u00f6he von 25 Prozent der Kindergrundsicherung erhalten.<\/p>\n\n\n\n<p>Eine ausf\u00fchrlichere Darstellung dieser Forderungen wurde den Mitgliedern des Bundestagsaus\u00adschusses f\u00fcr Familie, Senioren, Frauen und Jugend in der Stellungnahme der eaf anl\u00e4sslich der \u00d6ffentlichen Anh\u00f6rung am 13. November 2023<a href=\"https:\/\/www.eaf-bund.de\/sites\/default\/files\/2023-11\/231110_STN_RegE_Einfuehrung_KGS.pdf\">&lt;https:\/\/www.eaf-bund.de\/sites\/default\/files\/2023-11\/231110_STN_RegE_Einfuehrung_KGS.pdf><\/a> zugeleitet.<\/p>\n\n\n\n<p>Weitere Hintergrundinformationen finden Sie in der <a href=\"http:\/\/<https:\/\/www.eaf-bund.de\/sites\/default\/files\/2023-09\/230906_STN_RefE_Einf%C3%BChrung_KGS_final.pdf\">Stellungnahme der eaf vom 6. September 2023<\/a> zum Referentenentwurf des BMFSFJ &#8222;Entwurf eines Gesetzes zur Einf\u00fchrung einer Kindergrundsicherung und zur \u00c4nderung weiterer Bestimmungen&#8220;. <\/p>\n\n\n\n<p><strong>Ansprechpartnerin: <\/strong><br>Sigrid Andersen, E-Mail: <a href=\"mailto:andersen@eaf-bund.de\">andersen@eaf-bund.de<\/a><\/p>\n\n\n\n<p>Die evangelische arbeitsgemeinschaft familie e. V. (eaf) ist der familienpolitische Dachverband in der Evangelischen Kirche in Deutschland (EKD). Die Interessen der Evangelischen Familienbildung werden in der eaf vom Forum Familienbildung vertreten.<\/p>\n\n\n\n<p><br><\/p>\n\n\n\n<ol class=\"wp-block-list\" start=\"3\">\n<li><\/li>\n<\/ol>\n","protected":false},"excerpt":{"rendered":"<p>eaf fordert erhebliche Nachbesserungen im parlamentarischen Verfahren Pressemitteilung der eaf Bund vom 13.11.23 Berlin. Die evangelische arbeitsgemeinschaft familie (eaf) kritisiert<\/p>\n","protected":false},"author":1,"featured_media":81,"comment_status":"closed","ping_status":"open","sticky":false,"template":"","format":"standard","meta":{"colormag_page_container_layout":"default_layout","colormag_page_sidebar_layout":"default_layout","footnotes":""},"categories":[6,51,5],"tags":[],"class_list":["post-492","post","type-post","status-publish","format-standard","has-post-thumbnail","hentry","category-eaf-bund","category-information","category-pressemitteilung"],"_links":{"self":[{"href":"https:\/\/eaf-pfalz.de\/index.php?rest_route=\/wp\/v2\/posts\/492","targetHints":{"allow":["GET"]}}],"collection":[{"href":"https:\/\/eaf-pfalz.de\/index.php?rest_route=\/wp\/v2\/posts"}],"about":[{"href":"https:\/\/eaf-pfalz.de\/index.php?rest_route=\/wp\/v2\/types\/post"}],"author":[{"embeddable":true,"href":"https:\/\/eaf-pfalz.de\/index.php?rest_route=\/wp\/v2\/users\/1"}],"replies":[{"embeddable":true,"href":"https:\/\/eaf-pfalz.de\/index.php?rest_route=%2Fwp%2Fv2%2Fcomments&post=492"}],"version-history":[{"count":2,"href":"https:\/\/eaf-pfalz.de\/index.php?rest_route=\/wp\/v2\/posts\/492\/revisions"}],"predecessor-version":[{"id":494,"href":"https:\/\/eaf-pfalz.de\/index.php?rest_route=\/wp\/v2\/posts\/492\/revisions\/494"}],"wp:featuredmedia":[{"embeddable":true,"href":"https:\/\/eaf-pfalz.de\/index.php?rest_route=\/wp\/v2\/media\/81"}],"wp:attachment":[{"href":"https:\/\/eaf-pfalz.de\/index.php?rest_route=%2Fwp%2Fv2%2Fmedia&parent=492"}],"wp:term":[{"taxonomy":"category","embeddable":true,"href":"https:\/\/eaf-pfalz.de\/index.php?rest_route=%2Fwp%2Fv2%2Fcategories&post=492"},{"taxonomy":"post_tag","embeddable":true,"href":"https:\/\/eaf-pfalz.de\/index.php?rest_route=%2Fwp%2Fv2%2Ftags&post=492"}],"curies":[{"name":"wp","href":"https:\/\/api.w.org\/{rel}","templated":true}]}}