{"id":505,"date":"2024-01-17T15:17:32","date_gmt":"2024-01-17T15:17:32","guid":{"rendered":"https:\/\/eaf-pfalz.de\/?p=505"},"modified":"2024-01-17T15:18:49","modified_gmt":"2024-01-17T15:18:49","slug":"online-kompetent-vater-sein","status":"publish","type":"post","link":"https:\/\/eaf-pfalz.de\/?p=505","title":{"rendered":"Online-Impuls-Vortrag: Kompetent Vater sein"},"content":{"rendered":"\n<p>Hallo liebe V\u00e4ter,&nbsp;<\/p>\n\n\n\n<p>wer dabei sein m\u00f6chte meldet sich per Mail hier bis zum&nbsp; 21. Januar 2024 an.<br>Der Link wird mit der Anmeldebest\u00e4tigung verschickt.<br>Die Veranstaltung ist kostenfrei.&nbsp;<\/p>\n\n\n\n<ul class=\"wp-block-list\">\n<li><strong>&nbsp;&#8222;Kompetent Vater sein&#8220; am Mittwoch, der 24. Januar von 19.30 &#8211; 21.00 Uhr.<\/strong><strong><br><\/strong><a href=\"http:\/\/www.eaf-thueringen.de\">www.eaf-thueringen.de<\/a>&nbsp;<\/li>\n<\/ul>\n\n\n\n<figure class=\"wp-block-image size-full\"><img loading=\"lazy\" decoding=\"async\" width=\"352\" height=\"352\" src=\"https:\/\/eaf-pfalz.de\/wp-content\/uploads\/2024\/01\/image.png\" alt=\"\" class=\"wp-image-506\" srcset=\"https:\/\/eaf-pfalz.de\/wp-content\/uploads\/2024\/01\/image.png 352w, https:\/\/eaf-pfalz.de\/wp-content\/uploads\/2024\/01\/image-300x300.png 300w, https:\/\/eaf-pfalz.de\/wp-content\/uploads\/2024\/01\/image-150x150.png 150w\" sizes=\"auto, (max-width: 352px) 100vw, 352px\" \/><\/figure>\n\n\n\n<p>Die Veranstaltung ist eine Kooperation mit der LAG Jungen- und M\u00e4nnerarbeit Th\u00fcringen e.V.&nbsp; <a href=\"https:\/\/www.jungenarbeit-thueringen.de\/\" target=\"_blank\" rel=\"noreferrer noopener\">https:\/\/www.jungenarbeit-thueringen.de<\/a>.&nbsp;<\/p>\n\n\n\n<p>Beste Gr\u00fc\u00dfe&nbsp;<\/p>\n\n\n\n<p>Ute Birckner<br>Gesch\u00e4ftsf\u00fchrerin der eaf Th\u00fcringen<br>&#8212;&#8212;&#8212;&#8212;&#8212;&#8212;&#8212;&#8212;&#8212;&#8212;&#8212;&#8212;&#8212;&#8212;&#8212;-<\/p>\n\n\n\n<p>Evangelische Kirche in Mitteldeutschland (EKM)<br><strong>Evangelische Arbeitsgemeinschaft Familie (eaf)<\/strong><strong><br><\/strong><strong>Landesarbeitskreis Th\u00fcringen<\/strong><\/p>\n\n\n\n<p><em>Die eaf Th\u00fcringen ist der familienpolitische Verband&nbsp;der EKM im Freistaat Th\u00fcringen.<\/em><em><br>Die eaf Th\u00fcringen ist Mitglied im Arbeitskreis der Th\u00fcringer Familienorganisationen (AKF).<\/em><\/p>\n","protected":false},"excerpt":{"rendered":"<p>Hallo liebe V\u00e4ter,&nbsp; wer dabei sein m\u00f6chte meldet sich per Mail hier bis zum&nbsp; 21. Januar 2024 an.Der Link wird<\/p>\n","protected":false},"author":1,"featured_media":213,"comment_status":"closed","ping_status":"open","sticky":false,"template":"","format":"standard","meta":{"colormag_page_container_layout":"default_layout","colormag_page_sidebar_layout":"default_layout","footnotes":""},"categories":[13,23,27,7],"tags":[],"class_list":["post-505","post","type-post","status-publish","format-standard","has-post-thumbnail","hentry","category-digital","category-familienbildung","category-online","category-veranstaltung"],"_links":{"self":[{"href":"https:\/\/eaf-pfalz.de\/index.php?rest_route=\/wp\/v2\/posts\/505","targetHints":{"allow":["GET"]}}],"collection":[{"href":"https:\/\/eaf-pfalz.de\/index.php?rest_route=\/wp\/v2\/posts"}],"about":[{"href":"https:\/\/eaf-pfalz.de\/index.php?rest_route=\/wp\/v2\/types\/post"}],"author":[{"embeddable":true,"href":"https:\/\/eaf-pfalz.de\/index.php?rest_route=\/wp\/v2\/users\/1"}],"replies":[{"embeddable":true,"href":"https:\/\/eaf-pfalz.de\/index.php?rest_route=%2Fwp%2Fv2%2Fcomments&post=505"}],"version-history":[{"count":2,"href":"https:\/\/eaf-pfalz.de\/index.php?rest_route=\/wp\/v2\/posts\/505\/revisions"}],"predecessor-version":[{"id":508,"href":"https:\/\/eaf-pfalz.de\/index.php?rest_route=\/wp\/v2\/posts\/505\/revisions\/508"}],"wp:featuredmedia":[{"embeddable":true,"href":"https:\/\/eaf-pfalz.de\/index.php?rest_route=\/wp\/v2\/media\/213"}],"wp:attachment":[{"href":"https:\/\/eaf-pfalz.de\/index.php?rest_route=%2Fwp%2Fv2%2Fmedia&parent=505"}],"wp:term":[{"taxonomy":"category","embeddable":true,"href":"https:\/\/eaf-pfalz.de\/index.php?rest_route=%2Fwp%2Fv2%2Fcategories&post=505"},{"taxonomy":"post_tag","embeddable":true,"href":"https:\/\/eaf-pfalz.de\/index.php?rest_route=%2Fwp%2Fv2%2Ftags&post=505"}],"curies":[{"name":"wp","href":"https:\/\/api.w.org\/{rel}","templated":true}]}}