{"id":509,"date":"2024-01-17T15:26:36","date_gmt":"2024-01-17T15:26:36","guid":{"rendered":"https:\/\/eaf-pfalz.de\/?p=509"},"modified":"2024-01-17T15:27:02","modified_gmt":"2024-01-17T15:27:02","slug":"workshop-vaeterbildung-digital","status":"publish","type":"post","link":"https:\/\/eaf-pfalz.de\/?p=509","title":{"rendered":"Workshop: &#8222;V\u00e4terbildung digital&#8220;"},"content":{"rendered":"\n<p><strong>Freitag, den 26. Januar 2024, 9.00-13.00 Uhr, digital &#8211; ZOOM &#8211; keine Kosten&nbsp;<\/strong><\/p>\n\n\n\n<p><strong>Online-Arbeit und Unterst\u00fctzung im Alltag von V\u00e4tern<\/strong><\/p>\n\n\n\n<p>Die meisten Familienhebammen richten ihre Beratungsangebote fast ausschlie\u00dflich an M\u00fctter und nehmen dabei V\u00e4ter kaum als interessierte Erziehungspersonen wahr. Mehrere wissenschaftliche Untersuchungen zeigen jedoch, dass sich mittlerweile viele M\u00e4nner aktiv ihre (neugeborenen) Kinder (mit-)versorgen wollen. Dies wird jedoch dadurch erschwert, dass klassische Familienbildungskurse selten, h\u00e4ufig defizitorientiert und in ihrer Form f\u00fcr m\u00e4nnliche Elternteile meist nur wenig attraktiv sind, da sie oft mit deren Arbeitszeit kollidieren. Um dieses Dilemma aufzul\u00f6sen oder zumindest abzumildern wurde der YouTube-Channel \u201eVatergl\u00fcck\u201c geschaffen.<\/p>\n\n\n\n<p>In diesem Workshop sp\u00fcren wir gemeinsam der Frage nach, wie die unterschiedlichsten V\u00e4ter niedrigschwellig und webbasiert bei der Suche nach p\u00e4dagogischen, juristischen und \u00f6konomischen Antworten auf das allt\u00e4gliche Vatersein unterst\u00fctzt werden k\u00f6nnen. Hierf\u00fcr loten wir durch eine Simulation die M\u00f6glichkeiten des erw\u00e4hnten YouTube-Channels aus, dazu diskutieren wir Chancen bzw. Fallstricke des Einsatzes in verschiedenen Kontexten an konkreten, von den Teilnehmenden eingebrachten Beispielen.<\/p>\n\n\n\n<p><em>Referent: Matthias Scheibe (42), ist Vater und Gr\u00fcndungsmitglied der LAG Jungen- und M\u00e4nnerarbeit Th\u00fcringen e.V.. Er hat Erfahrungen in der Jugendarbeit mit Jungen und w\u00e4hrend seiner langj\u00e4hrigen T\u00e4tigkeit an der Hochschule Coburg initiierte er mehrere Projekte f\u00fcr V\u00e4ter, z.B. die YouTube Channel \u201eV\u00e4tergl\u00fcck\u201c. Somit kann er bei diesen Thema aus praktischer, wissenschaftlicher und privater Perspektive sprechen.<\/em><\/p>\n\n\n\n<p>Diese Veranstaltung ist eine Kooperation der eaf Th\u00fcringen mit<br>der LAG Jungen- und M\u00e4nnerarbeit Th\u00fcringen e.V.&nbsp;<a href=\"https:\/\/www.jungenarbeit-thueringen.de\/\" target=\"_blank\" rel=\"noreferrer noopener\">https:\/\/www.jungenarbeit-thueringen.de&nbsp;<\/a>und<br>der Ev. M\u00e4nnerarbeit Mitteldeutschland&nbsp;<a href=\"https:\/\/www.cvjm-thueringen.de\/index.php\/blog-maennerarbeit\" target=\"_blank\" rel=\"noreferrer noopener\">https:\/\/www.cvjm-thueringen.de\/index.php\/blog-maennerarbeit .<\/a><\/p>\n\n\n\n<p><strong>Wir freuen uns auf Ihre Anmeldungen&nbsp;PER MAIL an <a href=\"mailto:eafThueringen@t-online.de\">eafThueringen@t-online.de<\/a>&nbsp;bis zum 22. Januar 2024.&nbsp;<\/strong><\/p>\n\n\n\n<p>Beste Gr\u00fc\u00dfe&nbsp;<\/p>\n","protected":false},"excerpt":{"rendered":"<p>Freitag, den 26. Januar 2024, 9.00-13.00 Uhr, digital &#8211; ZOOM &#8211; keine Kosten&nbsp; Online-Arbeit und Unterst\u00fctzung im Alltag von V\u00e4tern<\/p>\n","protected":false},"author":1,"featured_media":462,"comment_status":"closed","ping_status":"open","sticky":false,"template":"","format":"standard","meta":{"colormag_page_container_layout":"default_layout","colormag_page_sidebar_layout":"default_layout","footnotes":""},"categories":[13,6,23,46,7,39],"tags":[],"class_list":["post-509","post","type-post","status-publish","format-standard","has-post-thumbnail","hentry","category-digital","category-eaf-bund","category-familienbildung","category-fortbildung","category-veranstaltung","category-workshop"],"_links":{"self":[{"href":"https:\/\/eaf-pfalz.de\/index.php?rest_route=\/wp\/v2\/posts\/509","targetHints":{"allow":["GET"]}}],"collection":[{"href":"https:\/\/eaf-pfalz.de\/index.php?rest_route=\/wp\/v2\/posts"}],"about":[{"href":"https:\/\/eaf-pfalz.de\/index.php?rest_route=\/wp\/v2\/types\/post"}],"author":[{"embeddable":true,"href":"https:\/\/eaf-pfalz.de\/index.php?rest_route=\/wp\/v2\/users\/1"}],"replies":[{"embeddable":true,"href":"https:\/\/eaf-pfalz.de\/index.php?rest_route=%2Fwp%2Fv2%2Fcomments&post=509"}],"version-history":[{"count":1,"href":"https:\/\/eaf-pfalz.de\/index.php?rest_route=\/wp\/v2\/posts\/509\/revisions"}],"predecessor-version":[{"id":510,"href":"https:\/\/eaf-pfalz.de\/index.php?rest_route=\/wp\/v2\/posts\/509\/revisions\/510"}],"wp:featuredmedia":[{"embeddable":true,"href":"https:\/\/eaf-pfalz.de\/index.php?rest_route=\/wp\/v2\/media\/462"}],"wp:attachment":[{"href":"https:\/\/eaf-pfalz.de\/index.php?rest_route=%2Fwp%2Fv2%2Fmedia&parent=509"}],"wp:term":[{"taxonomy":"category","embeddable":true,"href":"https:\/\/eaf-pfalz.de\/index.php?rest_route=%2Fwp%2Fv2%2Fcategories&post=509"},{"taxonomy":"post_tag","embeddable":true,"href":"https:\/\/eaf-pfalz.de\/index.php?rest_route=%2Fwp%2Fv2%2Ftags&post=509"}],"curies":[{"name":"wp","href":"https:\/\/api.w.org\/{rel}","templated":true}]}}