{"id":526,"date":"2024-01-18T22:32:35","date_gmt":"2024-01-18T22:32:35","guid":{"rendered":"https:\/\/eaf-pfalz.de\/?p=526"},"modified":"2024-01-22T22:34:24","modified_gmt":"2024-01-22T22:34:24","slug":"online-workshop-staunen-lauschen-begreifen","status":"publish","type":"post","link":"https:\/\/eaf-pfalz.de\/?p=526","title":{"rendered":"Online-Workshop: \u201eStaunen \u2013 Lauschen \u2013 Begreifen&#8220;"},"content":{"rendered":"\n<p><strong>Praxisanregungen f\u00fcr Kleinstkinder im Alter von 0 bis 15 Monaten in Eltern-Kind-Gruppe<\/strong><\/p>\n\n\n\n<p><strong>27. Februar 2024,&nbsp;19:30 &#8211; 21:30 Uhr<br>ab 19:00 Uhr: Check-in auf der Videoplattform Zoom<\/strong><\/p>\n\n\n\n<p>Von Anfang an wollen Kinder die Welt entdecken und verstehen. Dazu benutzen sie das, was ihnen zur Verf\u00fcgung steht: ihre Sinne. Mit Ohren, Augen, Mund, Armen und H\u00e4nden, Beinen und F\u00fc\u00dfen, mit ihrem gesamten K\u00f6rper gehen sie auf eine gro\u00dfe Entdeckungsreise. Zunehmend kommt ein kognitives Verst\u00e4ndnis hinzu: Greifen f\u00fchrt zum Begreifen und Fassen zum Erfassen.&nbsp;Mit welchen konkreten Angeboten k\u00f6nnen Kleinstkinder in Eltern-Kind-Gruppen in diesen ersten Entwicklungsprozessen unterst\u00fctzt werden?&nbsp;<br><br>In dieser praxisnahen Fortbildung lernen die Teilnehmer*innen ganz unterschiedliche Anregungen kennen. Konkret werden Verse, Reime, Fingerspiele, Lieder, Kniereiter und erste kurze Schachtelgeschichten vorgestellt, die einfach in Eltern-Kind-Gruppen zu integrieren sind. Diese Anregungen beziehen sich explizit auf ganz kleine Kinder im Altern von 0 bis ca. 15 Monaten. Austausch und Diskussion lassen unterschiedliche Perspektiven zu Wort kommen.<br>Von den Inhalten gibt es ein ausf\u00fchrliches Skript.<br><br><strong>Referentin<\/strong>: Martina Liebend\u00f6rfer, Diplom-P\u00e4dagogin und Referentin f\u00fcr Fr\u00fchp\u00e4dagogik und fr\u00fchkindliche religi\u00f6se Bildung<br><strong>Zielgruppe<\/strong>: Eltern-Kind-Gruppen-Leiterinnen, Fachbereichsleitungen und Multiplikator:innen in der Erwachsenen- und Familienbildungsarbeit<\/p>\n\n\n\n<p>Mehr Informationen und das Anmeldeformular finden Sie hier: <a href=\"https:\/\/www.eaf-bund.de\/service\/veranstaltungen\/2024-02-27-staunen-lauschen-begreifen-k-o4\">https:\/\/www.eaf-bund.de\/service\/veranstaltungen\/2024-02-27-staunen-lauschen-begreifen-k-o4<\/a> Da die Teilnahmeanzahl begrenzt ist, empfehlen wir eine rechtzeitige Anmeldung.<\/p>\n","protected":false},"excerpt":{"rendered":"<p>Praxisanregungen f\u00fcr Kleinstkinder im Alter von 0 bis 15 Monaten in Eltern-Kind-Gruppe 27. Februar 2024,&nbsp;19:30 &#8211; 21:30 Uhrab 19:00 Uhr:<\/p>\n","protected":false},"author":1,"featured_media":524,"comment_status":"closed","ping_status":"open","sticky":false,"template":"","format":"standard","meta":{"colormag_page_container_layout":"default_layout","colormag_page_sidebar_layout":"default_layout","footnotes":""},"categories":[13,6,27,7,39],"tags":[19,75,21],"class_list":["post-526","post","type-post","status-publish","format-standard","has-post-thumbnail","hentry","category-digital","category-eaf-bund","category-online","category-veranstaltung","category-workshop","tag-kinder","tag-kleinstkind","tag-workshop"],"_links":{"self":[{"href":"https:\/\/eaf-pfalz.de\/index.php?rest_route=\/wp\/v2\/posts\/526","targetHints":{"allow":["GET"]}}],"collection":[{"href":"https:\/\/eaf-pfalz.de\/index.php?rest_route=\/wp\/v2\/posts"}],"about":[{"href":"https:\/\/eaf-pfalz.de\/index.php?rest_route=\/wp\/v2\/types\/post"}],"author":[{"embeddable":true,"href":"https:\/\/eaf-pfalz.de\/index.php?rest_route=\/wp\/v2\/users\/1"}],"replies":[{"embeddable":true,"href":"https:\/\/eaf-pfalz.de\/index.php?rest_route=%2Fwp%2Fv2%2Fcomments&post=526"}],"version-history":[{"count":1,"href":"https:\/\/eaf-pfalz.de\/index.php?rest_route=\/wp\/v2\/posts\/526\/revisions"}],"predecessor-version":[{"id":528,"href":"https:\/\/eaf-pfalz.de\/index.php?rest_route=\/wp\/v2\/posts\/526\/revisions\/528"}],"wp:featuredmedia":[{"embeddable":true,"href":"https:\/\/eaf-pfalz.de\/index.php?rest_route=\/wp\/v2\/media\/524"}],"wp:attachment":[{"href":"https:\/\/eaf-pfalz.de\/index.php?rest_route=%2Fwp%2Fv2%2Fmedia&parent=526"}],"wp:term":[{"taxonomy":"category","embeddable":true,"href":"https:\/\/eaf-pfalz.de\/index.php?rest_route=%2Fwp%2Fv2%2Fcategories&post=526"},{"taxonomy":"post_tag","embeddable":true,"href":"https:\/\/eaf-pfalz.de\/index.php?rest_route=%2Fwp%2Fv2%2Ftags&post=526"}],"curies":[{"name":"wp","href":"https:\/\/api.w.org\/{rel}","templated":true}]}}