{"id":529,"date":"2024-01-19T22:37:43","date_gmt":"2024-01-19T22:37:43","guid":{"rendered":"https:\/\/eaf-pfalz.de\/?p=529"},"modified":"2024-01-22T22:39:36","modified_gmt":"2024-01-22T22:39:36","slug":"familienbildung-politisch-staerken-und-finanziell-absichern","status":"publish","type":"post","link":"https:\/\/eaf-pfalz.de\/?p=529","title":{"rendered":"Familienbildung politisch st\u00e4rken und finanziell absichern!"},"content":{"rendered":"\n<p><strong>eaf unterst\u00fctzt Forderungen des Kooperationsverbundes Familienbildung<\/strong><\/p>\n\n\n\n<p><strong>Pressemitteilung vom 19.01.24<\/strong><\/p>\n\n\n\n<p><strong>Berlin.<\/strong> Die evangelische arbeitsgemeinschaft familie e. V. (eaf) begr\u00fc\u00dft und unterst\u00fctzt die Forderungen des Kooperationsverbundes Familienbildung (Ko:Fa) nach einer verl\u00e4sslichen Finanzierung der Familienbildung in unsicheren Zeiten.<\/p>\n\n\n\n<p>Bereits in mehreren Stellungnahmen hat die eaf, Gr\u00fcndungsmitglied des Ko:Fa in 2021, in den vergangenen Jahren auf die teilweise prek\u00e4ren Verh\u00e4ltnisse bei der Finanzierung der Familien\u00adbildung hingewiesen. Der evangelische Verband betont dabei die zentrale Rolle einer gelingenden Familienf\u00f6rderung f\u00fcr die St\u00e4rkung des gesellschaftlichen Zusammenhalts. \u201eEine wohnortnahe, offene und fachkompetente Familienbildung ist aus unserer Sicht unverzichtbarer Teil der Infrastruktur f\u00fcr Familien\u201c, so eaf-Bundesgesch\u00e4ftsf\u00fchrerin <strong>Svenja Kraus<\/strong>. \u201eUnsere Familien\u00adbildungseinrichtungen sind gerade auch f\u00fcr Familien in schwierigen Lebenslagen verl\u00e4ssliche Partner. Sie bieten Orte der Begegnung und Verst\u00e4ndigung und sind Ruhepole in unruhigen Zeiten.\u201c<\/p>\n\n\n\n<p>Aus diesem Grund hat die eaf ma\u00dfgeblich an der Erstellung des vorliegenden Positionspapiers im Kooperationsverbund Familienbildung mitgewirkt. \u201eIn Anbetracht der gegenw\u00e4rtigen Finanzierungsdebatten im Bund, aber auch in den L\u00e4ndern und Kommunen, bef\u00fcrchten wir weitere Einschnitte, die die Unterst\u00fctzung f\u00fcr Familien einschr\u00e4nken und die Familien\u00adbildungsst\u00e4tten finanziell und personell aush\u00f6hlen.\u201c Kraus appelliert an die politischen Akteure, ihrer gemeinsamen Verantwortung gerecht zu werden: \u201eDie Zeit zum Handeln ist jetzt! Zum Wohle der Demokratie: Schaffen Sie endlich verl\u00e4ssliche und nachhaltige Rahmenbedingungen f\u00fcr die Familienbildung, damit Kinder in gesunden, starken Familien aufwachsen und Vertrauen in sich und die Strukturen entwickeln!\u201c<\/p>\n\n\n\n<p>Die drei wichtigsten Forderungen des Positionspapiers sind deshalb:<\/p>\n\n\n\n<ol class=\"wp-block-list\">\n<li><strong>Der Erhalt des breiten und niederschwelligen Angebotsspektrums der Familienbildung.<\/strong><\/li>\n\n\n\n<li><strong>Eine verl\u00e4ssliche finanzielle Unterst\u00fctzung f\u00fcr Familienbildungstr\u00e4ger.<\/strong><\/li>\n\n\n\n<li><strong>Die politische und finanzielle St\u00e4rkung der gemeinwohlorientierten Familienbildung<\/strong>.<\/li>\n<\/ol>\n\n\n\n<p><a href=\"https:\/\/www.eaf-bund.de\/sites\/default\/files\/2024-01\/240115_FAMILIENBILDUNG-staerkt-gesellschaftlichen-Zusammenhalt.pdf\">&gt;&gt;&gt;Download Positionspapier \u201eFAMILIENBILDUNG st\u00e4rkt den gesellschaftlichen Zusammenhalt, aber braucht daf\u00fcr bessere finanzielle Absicherung\u201c<\/a><\/p>\n\n\n\n<p><a>Ansprechpartner: Andreas Zieske, E-Mail: <\/a><a href=\"mailto:zieske@eaf-bund.de\">zieske@eaf-bund.de<\/a><\/p>\n","protected":false},"excerpt":{"rendered":"<p>eaf unterst\u00fctzt Forderungen des Kooperationsverbundes Familienbildung Pressemitteilung vom 19.01.24 Berlin. Die evangelische arbeitsgemeinschaft familie e. V. (eaf) begr\u00fc\u00dft und unterst\u00fctzt<\/p>\n","protected":false},"author":1,"featured_media":221,"comment_status":"closed","ping_status":"open","sticky":false,"template":"","format":"standard","meta":{"colormag_page_container_layout":"default_layout","colormag_page_sidebar_layout":"default_layout","footnotes":""},"categories":[6,23,51,5],"tags":[],"class_list":["post-529","post","type-post","status-publish","format-standard","has-post-thumbnail","hentry","category-eaf-bund","category-familienbildung","category-information","category-pressemitteilung"],"_links":{"self":[{"href":"https:\/\/eaf-pfalz.de\/index.php?rest_route=\/wp\/v2\/posts\/529","targetHints":{"allow":["GET"]}}],"collection":[{"href":"https:\/\/eaf-pfalz.de\/index.php?rest_route=\/wp\/v2\/posts"}],"about":[{"href":"https:\/\/eaf-pfalz.de\/index.php?rest_route=\/wp\/v2\/types\/post"}],"author":[{"embeddable":true,"href":"https:\/\/eaf-pfalz.de\/index.php?rest_route=\/wp\/v2\/users\/1"}],"replies":[{"embeddable":true,"href":"https:\/\/eaf-pfalz.de\/index.php?rest_route=%2Fwp%2Fv2%2Fcomments&post=529"}],"version-history":[{"count":1,"href":"https:\/\/eaf-pfalz.de\/index.php?rest_route=\/wp\/v2\/posts\/529\/revisions"}],"predecessor-version":[{"id":530,"href":"https:\/\/eaf-pfalz.de\/index.php?rest_route=\/wp\/v2\/posts\/529\/revisions\/530"}],"wp:featuredmedia":[{"embeddable":true,"href":"https:\/\/eaf-pfalz.de\/index.php?rest_route=\/wp\/v2\/media\/221"}],"wp:attachment":[{"href":"https:\/\/eaf-pfalz.de\/index.php?rest_route=%2Fwp%2Fv2%2Fmedia&parent=529"}],"wp:term":[{"taxonomy":"category","embeddable":true,"href":"https:\/\/eaf-pfalz.de\/index.php?rest_route=%2Fwp%2Fv2%2Fcategories&post=529"},{"taxonomy":"post_tag","embeddable":true,"href":"https:\/\/eaf-pfalz.de\/index.php?rest_route=%2Fwp%2Fv2%2Ftags&post=529"}],"curies":[{"name":"wp","href":"https:\/\/api.w.org\/{rel}","templated":true}]}}