{"id":535,"date":"2024-01-26T10:41:29","date_gmt":"2024-01-26T10:41:29","guid":{"rendered":"https:\/\/eaf-pfalz.de\/?p=535"},"modified":"2024-01-29T10:42:39","modified_gmt":"2024-01-29T10:42:39","slug":"mehr-soziale-teilhabe-fuer-alle-kinder-2024-entscheidend-fuer-kindergrundsicherung","status":"publish","type":"post","link":"https:\/\/eaf-pfalz.de\/?p=535","title":{"rendered":"Mehr soziale Teilhabe f\u00fcr alle Kinder: 2024 entscheidend f\u00fcr Kindergrundsicherung"},"content":{"rendered":"\n<p><strong>Bertelsmann Policy Brief untermauert Forderungen der eaf<\/strong><\/p>\n\n\n\n<p><strong>Pressemitteilung vom 26.01.24<\/strong><\/p>\n\n\n\n<p>Berlin. Wenn Kinder- und Jugendarmut verringert und ein echter Schritt in Richtung \u201egutes Aufwachsen mit angemessener sozialer Teilhabe f\u00fcr alle Kinder\u201c Wirklichkeit werden soll, muss der vorliegende Gesetzentwurf zur Kindergrundsicherung an entscheidenden Punkten \u00fcberarbeitet werden. Die <strong>evangelische arbeitsgemeinschaft familie e. V. (eaf)<\/strong> sieht sich in dieser Forderung durch die Einsch\u00e4tzung der Bertelsmann Stiftung im heute ver\u00f6ffentlichten <a href=\"https:\/\/www.bertelsmann-stiftung.de\/de\/publikationen\/publikation\/did\/kindergrundsicherung-weichen-jetzt-richtig-stellen\">Policy Brief<\/a> der Stiftung klar best\u00e4rkt.<\/p>\n\n\n\n<p>\u201eHier wurde im letzten Jahr eine gro\u00dfe Chance vertan!\u201c, kritisiert <strong>eaf-Pr\u00e4sident Prof. Dr. Martin Bujard.<\/strong> \u201eAber wir bleiben am Ball, damit der Entwurf der Kindergrundsicherung 2024 noch entscheidend verbessert wird: Unsere Vorschl\u00e4ge f\u00fcr einfache Nachbesserungen mit gro\u00dfer Wirkung f\u00fcr Kinder und Jugendliche, insbesondere von alleinerziehenden Eltern, decken sich eins zu eins mit den Forderungen der Bertelsmann Stiftung.\u201c<\/p>\n\n\n\n<p><strong>Bundesgesch\u00e4ftsf\u00fchrerin Svenja Kraus<\/strong> verweist auf die <a href=\"https:\/\/eaf-pfalz.de\/?p=492\" data-type=\"link\" data-id=\"https:\/\/eaf-pfalz.de\/?p=492\">Stellungnahme der eaf vom November 2023<\/a>: \u201eLeider haben unsere Forderungen nichts an Aktualit\u00e4t verloren. Wir hoffen, dass hinter den Kulissen genug politischer Wille \u00fcbrig ist, um noch entscheidende Strippen zu ziehen! Denn immerhin hatte die Ampel zu Beginn der Legislaturperiode eine gro\u00dfe sozialpolitische Reform angek\u00fcndigt. Wenn sie wirklich zul\u00e4sst, dass diese zu einer Verwaltungsreform schrumpft und weiter jeder Cent f\u00fcr Kinder umgedreht wird, ist dies ein Armutszeugnis f\u00fcr alle beteiligten Parteien.\u201c<\/p>\n\n\n\n<p>Die <a href=\"https:\/\/www.eaf-bund.de\/sites\/default\/files\/2023-11\/231110_STN_RegE_Einfuehrung_KGS.pdf\">Priorit\u00e4ten der eaf f\u00fcr das parlamentarische Verfahren zur Kindergrundsicherung<\/a> umfassen folgende Punkte:<\/p>\n\n\n\n<ol class=\"wp-block-list\" start=\"1\">\n<li>Zusatzbetrag pauschal um 15 Euro Teilhabebetrag und 20 Euro Sofortzuschlag erh\u00f6hen<\/li>\n\n\n\n<li>Kinder von Alleinerziehenden besser erreichen: vorgesehene \u00c4nderungen im Unterhaltsvorschussgesetz streichen, Unterhaltsvorschuss neu berechnen<\/li>\n\n\n\n<li>Vorl\u00e4ufigen Umgangsmehrbedarfszuschlag einf\u00fchren<\/li>\n<\/ol>\n\n\n\n<p>Ansprechpartnerin: Sigrid Andersen, E-Mail: <a href=\"mailto:andersen@eaf-bund.de\">andersen@eaf-bund.de<\/a><\/p>\n","protected":false},"excerpt":{"rendered":"<p>Bertelsmann Policy Brief untermauert Forderungen der eaf Pressemitteilung vom 26.01.24 Berlin. Wenn Kinder- und Jugendarmut verringert und ein echter Schritt<\/p>\n","protected":false},"author":1,"featured_media":221,"comment_status":"closed","ping_status":"open","sticky":false,"template":"","format":"standard","meta":{"colormag_page_container_layout":"default_layout","colormag_page_sidebar_layout":"default_layout","footnotes":""},"categories":[6,51,5],"tags":[],"class_list":["post-535","post","type-post","status-publish","format-standard","has-post-thumbnail","hentry","category-eaf-bund","category-information","category-pressemitteilung"],"_links":{"self":[{"href":"https:\/\/eaf-pfalz.de\/index.php?rest_route=\/wp\/v2\/posts\/535","targetHints":{"allow":["GET"]}}],"collection":[{"href":"https:\/\/eaf-pfalz.de\/index.php?rest_route=\/wp\/v2\/posts"}],"about":[{"href":"https:\/\/eaf-pfalz.de\/index.php?rest_route=\/wp\/v2\/types\/post"}],"author":[{"embeddable":true,"href":"https:\/\/eaf-pfalz.de\/index.php?rest_route=\/wp\/v2\/users\/1"}],"replies":[{"embeddable":true,"href":"https:\/\/eaf-pfalz.de\/index.php?rest_route=%2Fwp%2Fv2%2Fcomments&post=535"}],"version-history":[{"count":1,"href":"https:\/\/eaf-pfalz.de\/index.php?rest_route=\/wp\/v2\/posts\/535\/revisions"}],"predecessor-version":[{"id":536,"href":"https:\/\/eaf-pfalz.de\/index.php?rest_route=\/wp\/v2\/posts\/535\/revisions\/536"}],"wp:featuredmedia":[{"embeddable":true,"href":"https:\/\/eaf-pfalz.de\/index.php?rest_route=\/wp\/v2\/media\/221"}],"wp:attachment":[{"href":"https:\/\/eaf-pfalz.de\/index.php?rest_route=%2Fwp%2Fv2%2Fmedia&parent=535"}],"wp:term":[{"taxonomy":"category","embeddable":true,"href":"https:\/\/eaf-pfalz.de\/index.php?rest_route=%2Fwp%2Fv2%2Fcategories&post=535"},{"taxonomy":"post_tag","embeddable":true,"href":"https:\/\/eaf-pfalz.de\/index.php?rest_route=%2Fwp%2Fv2%2Ftags&post=535"}],"curies":[{"name":"wp","href":"https:\/\/api.w.org\/{rel}","templated":true}]}}