{"id":537,"date":"2024-02-01T08:51:27","date_gmt":"2024-02-01T08:51:27","guid":{"rendered":"https:\/\/eaf-pfalz.de\/?p=537"},"modified":"2024-02-05T08:55:18","modified_gmt":"2024-02-05T08:55:18","slug":"online-gesundes-aufwachsen-in-einer-digitalen-welt","status":"publish","type":"post","link":"https:\/\/eaf-pfalz.de\/?p=537","title":{"rendered":"Online: Gesundes Aufwachsen in einer digitalen Welt"},"content":{"rendered":"\n<p><strong>\u201eGesundes Aufwachsen in einer digitalen Welt&#8220;<\/strong> <\/p>\n\n\n\n<h3 class=\"wp-block-heading\"><strong>Die Verantwortung von Eltern und Fachkr\u00e4ften im Blick<\/strong><\/h3>\n\n\n\n<p><strong>Am 29. \u2013 30. April 2024 von 9.00 \u2013 15.30 Uhr<\/strong><\/p>\n\n\n\n<p>Digitale Medien haben einen enormen Bedeutungszuwachs erfahren und pr\u00e4gen das Leben von Familien auf ganz unterschiedliche Weise. Diese Ver\u00e4nderungen bringen Verantwortlichkeiten mit sich, die nicht nur Eltern, sondern auch p\u00e4dagogische Fachkr\u00e4fte bewegen und fordern. Vor diesem Hintergrund nehmen wir in diesem Seminar folgende Themen in den Blick:<\/p>\n\n\n\n<ul class=\"wp-block-list\">\n<li>Die Bedeutung von digitalen Medien f\u00fcr gelingende Beziehungen und Entwicklung in der Kindheit<\/li>\n\n\n\n<li>Der Einfluss digitaler Medien auf den Umgang mit unseren Bed\u00fcrfnissen und Emotionen und somit auf unser physisches und psychisches Wohlbefinden<\/li>\n\n\n\n<li>Chancen und Risiken von Bildschirmmedien in unterschiedlichen Entwicklungsphasen<\/li>\n\n\n\n<li>Die Rolle der Medien in der Familie (Sorgen, Konflikte und Unterst\u00fctzungsbedarfe der Eltern)<\/li>\n<\/ul>\n\n\n\n<p>Wir reflektieren \u00fcber die Bedeutung dieser Zusammenh\u00e4nge f\u00fcr unsere p\u00e4dagogische Praxis und erarbeiten gemeinsam Handlungsm\u00f6glichkeiten in der Elternbegleitung. Dabei geht es auch darum, mit einer dialogischen Haltung und ohne erhobenen Zeigefinger Eltern zu sensibilisieren und sie in ihrer wichtigen Vorbildfunktion zu st\u00e4rken.<\/p>\n\n\n\n<p>Das Seminar \u00f6ffnet durch unterschiedliche Arbeitsphasen R\u00e4ume f\u00fcr Wissensgewinn, Dialog und Selbstreflexion. Wir beziehen die Expertise und Erfahrungen der Teilnehmenden aktiv mit ein und achten auch auf bildschirmfreie Zeiten.<\/p>\n\n\n\n<p><strong>Ort<\/strong>: \u00a0Online-Plattform Zoom<\/p>\n\n\n\n<p><strong>Anmeldung<\/strong> und weitere Informationen unter: <a href=\"https:\/\/www.eaf-bund.de\/service\/veranstaltungen\/2024-04-29-gesundes-aufwachsen-einer-digitalen-welt\">https:\/\/www.eaf-bund.de\/service\/veranstaltungen\/2024-04-29-gesundes-aufwachsen-einer-digitalen-welt<\/a><\/p>\n\n\n\n<p><\/p>\n","protected":false},"excerpt":{"rendered":"<p>\u201eGesundes Aufwachsen in einer digitalen Welt&#8220; Die Verantwortung von Eltern und Fachkr\u00e4ften im Blick Am 29. \u2013 30. April 2024<\/p>\n","protected":false},"author":1,"featured_media":539,"comment_status":"closed","ping_status":"open","sticky":false,"template":"","format":"standard","meta":{"colormag_page_container_layout":"default_layout","colormag_page_sidebar_layout":"default_layout","footnotes":""},"categories":[6,46,27,7,39],"tags":[],"class_list":["post-537","post","type-post","status-publish","format-standard","has-post-thumbnail","hentry","category-eaf-bund","category-fortbildung","category-online","category-veranstaltung","category-workshop"],"_links":{"self":[{"href":"https:\/\/eaf-pfalz.de\/index.php?rest_route=\/wp\/v2\/posts\/537","targetHints":{"allow":["GET"]}}],"collection":[{"href":"https:\/\/eaf-pfalz.de\/index.php?rest_route=\/wp\/v2\/posts"}],"about":[{"href":"https:\/\/eaf-pfalz.de\/index.php?rest_route=\/wp\/v2\/types\/post"}],"author":[{"embeddable":true,"href":"https:\/\/eaf-pfalz.de\/index.php?rest_route=\/wp\/v2\/users\/1"}],"replies":[{"embeddable":true,"href":"https:\/\/eaf-pfalz.de\/index.php?rest_route=%2Fwp%2Fv2%2Fcomments&post=537"}],"version-history":[{"count":3,"href":"https:\/\/eaf-pfalz.de\/index.php?rest_route=\/wp\/v2\/posts\/537\/revisions"}],"predecessor-version":[{"id":541,"href":"https:\/\/eaf-pfalz.de\/index.php?rest_route=\/wp\/v2\/posts\/537\/revisions\/541"}],"wp:featuredmedia":[{"embeddable":true,"href":"https:\/\/eaf-pfalz.de\/index.php?rest_route=\/wp\/v2\/media\/539"}],"wp:attachment":[{"href":"https:\/\/eaf-pfalz.de\/index.php?rest_route=%2Fwp%2Fv2%2Fmedia&parent=537"}],"wp:term":[{"taxonomy":"category","embeddable":true,"href":"https:\/\/eaf-pfalz.de\/index.php?rest_route=%2Fwp%2Fv2%2Fcategories&post=537"},{"taxonomy":"post_tag","embeddable":true,"href":"https:\/\/eaf-pfalz.de\/index.php?rest_route=%2Fwp%2Fv2%2Ftags&post=537"}],"curies":[{"name":"wp","href":"https:\/\/api.w.org\/{rel}","templated":true}]}}