{"id":551,"date":"2024-01-01T15:37:13","date_gmt":"2024-01-01T15:37:13","guid":{"rendered":"https:\/\/eaf-pfalz.de\/?p=551"},"modified":"2024-02-05T15:45:32","modified_gmt":"2024-02-05T15:45:32","slug":"padlet-familie-im-blick","status":"publish","type":"post","link":"https:\/\/eaf-pfalz.de\/?p=551","title":{"rendered":"Padlet: Familie im Blick"},"content":{"rendered":"\n<p><a href=\"https:\/\/t1p.de\/Familienimblick\" data-type=\"link\" data-id=\"https:\/\/t1p.de\/Familienimblick\"><strong>https:\/\/t1p.de\/Familienimblick<\/strong><\/a><\/p>\n\n\n\n<h4 class=\"wp-block-heading\"><strong><strong>Auf diesem Tablet findet man aktuelle Studien, sehr viele Praxishilfen f\u00fcr i Arbeit vor und aktuelle Termine zur Weiterarbeit.&nbsp;<\/strong><\/strong><\/h4>\n\n\n\n<p><strong>Familien und ihre Interessen sehen \u2013 ein Kooperationsverbund packt an, um die Evangelische Kirche vor Ort familienbewusster zu gestalten<\/strong><\/p>\n\n\n\n<p>\u201e<strong>Wir brauchen zeitgem\u00e4\u00dfe Konzepte, Praxisideen und Lobbyarbeit f\u00fcr Familien\u201c, so die Stimmen aus der Praxis<\/strong><br>Ute Dettweiler, Christine Falk, Franziska Wallenta, Annegret Tr\u00fcbenbach-Klie<\/p>\n\n\n\n<p><strong>Lebendige digitale Praxisb\u00f6rsen, Fachtage,&nbsp;ein regelm\u00e4\u00dfiger virtueller Stammtisch f\u00fcr Fachkr\u00e4fte sowie eine interaktive digitale Plattform (Padlet&nbsp;<u><a href=\"https:\/\/t1p.de\/Familienimblick\">https:\/\/t1p.de\/Familienimblick<\/a><\/u>) sind wichtige Unterst\u00fctzungsangebote des Kooperationsverbundes.&nbsp;<\/strong><\/p>\n\n\n\n<p><strong>Arbeit mit und f\u00fcr Familien finden alle wichtig &#8211; aber es gibt zu wenig Ressourcen daf\u00fcr. Deshalb schlossen sich 2021 die Fachstellen f\u00fcr Familienarbeit im S\u00fcden zusammen, um das Thema gemeinsam in den f\u00fcnf Landeskirchen fachlich zu gestalten.<\/strong><\/p>\n\n\n\n<p><strong>Im Kooperationsverbund<\/strong> der Referentinnen f\u00fcr Familienarbeit der S\u00fcdkirchen (Pfalz, Hessen-Nassau, Baden, W\u00fcrttemberg und Bayern), werden deshalb seit 2021 Fachtagungen und Fortbildungsangebote entwickelt. Die beeindruckende Resonanz 2022 mit weit \u00fcber 150 Teilnehmenden beim digitalen Fachtag \u201e<strong>Familien im Blick<\/strong> &#8211; <strong>Wie leben sie? Was wollen und brauchen sie von der Evangelischen Kirche\u201c<\/strong> motivierte das Team dazu, im Februar 2023 ein weiteres digitales Forum anzubieten, das ebenfalls gro\u00dfen Zuspruch fand. \u201e<strong>Familien im Blick \u2013 Welche Kirche brauchen Familien und welche Familienbilder braucht die evangelische Kirche?\u201c <\/strong>4 Monate danachnahmen nochmal 60 Fachkr\u00e4fte beim Evangelischen Kirchentag im \u201eZentrum Kinder, Jugend und Familie\u201c an einem Workshop zum gleichen Thema teil. Die R\u00fcckmeldung an Prof. Dr. Possinger und das Team war eindeutig: Ideen, zeitgem\u00e4\u00dfe Konzepte, Lobbyarbeit und Vernetzung werden neben Geld und Personal dringend vor Ort gebraucht, um Familienarbeit zu installieren und zu st\u00e4rken. Derzeit ist es eher dem Zufall \u00fcberlassen, ob und welche Angebote es f\u00fcr Familien gibt.<\/p>\n\n\n\n<p><em><strong>Dranbleiben!<br><\/strong><\/em>Lebendige digitale Praxisb\u00f6rsen, ein regelm\u00e4\u00dfiger virtueller Stammtisch f\u00fcr Fachkr\u00e4fte sowie eine interaktive digitale Plattform (Padlet <a href=\"https:\/\/t1p.de\/Familienimblick\">https:\/\/t1p.de\/Familienimblick<\/a>) waren bzw. sind wichtige Unterst\u00fctzungsangebote des Kooperationsverbundes. Der 3. digitale Fachtag am 1.2. 2024 \u201cUnd wer bringt den Kuchen beim Gemeindefest?\u201c besch\u00e4ftigte sich aktuell mit dem \u201eCaredilemma\u201c. Sowohl der Alltag der kirchlich Mitarbeitenden pers\u00f6nlich als auch der von Familien, f\u00fcr die Angebote geplant werden,ist dadurch belastet. L\u00f6sungsans\u00e4tze und Projekte wie das \u201eEvangelische G\u00fctesiegel Familienorientierung&#8220; sind neben dem Dialog mit der Wissenschaft wichtige Schritte auf dem Weg zu einer familienorientierten Kirche. Das Team des Kooperationsverbundes w\u00fcnscht sich, dass angesichts der komplexen gesellschaftlichen Herausforderungen insbesondere auch Leitungsverantwortliche in Diakonie und Kirche Familien im Blick haben &#8211; damit sich Familien auch in der Zukunft bei der evangelischen Kirche willkommen f\u00fchlen.<\/p>\n\n\n\n<figure class=\"wp-block-image size-large is-resized\"><a href=\"https:\/\/t1p.de\/Familienimblick\"><img loading=\"lazy\" decoding=\"async\" width=\"1024\" height=\"386\" src=\"https:\/\/eaf-pfalz.de\/wp-content\/uploads\/2024\/02\/Bildschirmfoto-2024-02-05-um-16.35.55-1024x386.jpg\" alt=\"\" class=\"wp-image-570\" style=\"width:1140px;height:auto\" srcset=\"https:\/\/eaf-pfalz.de\/wp-content\/uploads\/2024\/02\/Bildschirmfoto-2024-02-05-um-16.35.55-1024x386.jpg 1024w, https:\/\/eaf-pfalz.de\/wp-content\/uploads\/2024\/02\/Bildschirmfoto-2024-02-05-um-16.35.55-300x113.jpg 300w, https:\/\/eaf-pfalz.de\/wp-content\/uploads\/2024\/02\/Bildschirmfoto-2024-02-05-um-16.35.55-768x290.jpg 768w, https:\/\/eaf-pfalz.de\/wp-content\/uploads\/2024\/02\/Bildschirmfoto-2024-02-05-um-16.35.55-1536x579.jpg 1536w, https:\/\/eaf-pfalz.de\/wp-content\/uploads\/2024\/02\/Bildschirmfoto-2024-02-05-um-16.35.55-2048x772.jpg 2048w\" sizes=\"auto, (max-width: 1024px) 100vw, 1024px\" \/><\/a><\/figure>\n","protected":false},"excerpt":{"rendered":"<p>https:\/\/t1p.de\/Familienimblick Auf diesem Tablet findet man aktuelle Studien, sehr viele Praxishilfen f\u00fcr i Arbeit vor und aktuelle Termine zur Weiterarbeit.&nbsp;<\/p>\n","protected":false},"author":1,"featured_media":570,"comment_status":"closed","ping_status":"open","sticky":false,"template":"","format":"standard","meta":{"colormag_page_container_layout":"default_layout","colormag_page_sidebar_layout":"default_layout","footnotes":""},"categories":[30],"tags":[],"class_list":["post-551","post","type-post","status-publish","format-standard","has-post-thumbnail","hentry","category-dokumentation"],"_links":{"self":[{"href":"https:\/\/eaf-pfalz.de\/index.php?rest_route=\/wp\/v2\/posts\/551","targetHints":{"allow":["GET"]}}],"collection":[{"href":"https:\/\/eaf-pfalz.de\/index.php?rest_route=\/wp\/v2\/posts"}],"about":[{"href":"https:\/\/eaf-pfalz.de\/index.php?rest_route=\/wp\/v2\/types\/post"}],"author":[{"embeddable":true,"href":"https:\/\/eaf-pfalz.de\/index.php?rest_route=\/wp\/v2\/users\/1"}],"replies":[{"embeddable":true,"href":"https:\/\/eaf-pfalz.de\/index.php?rest_route=%2Fwp%2Fv2%2Fcomments&post=551"}],"version-history":[{"count":6,"href":"https:\/\/eaf-pfalz.de\/index.php?rest_route=\/wp\/v2\/posts\/551\/revisions"}],"predecessor-version":[{"id":574,"href":"https:\/\/eaf-pfalz.de\/index.php?rest_route=\/wp\/v2\/posts\/551\/revisions\/574"}],"wp:featuredmedia":[{"embeddable":true,"href":"https:\/\/eaf-pfalz.de\/index.php?rest_route=\/wp\/v2\/media\/570"}],"wp:attachment":[{"href":"https:\/\/eaf-pfalz.de\/index.php?rest_route=%2Fwp%2Fv2%2Fmedia&parent=551"}],"wp:term":[{"taxonomy":"category","embeddable":true,"href":"https:\/\/eaf-pfalz.de\/index.php?rest_route=%2Fwp%2Fv2%2Fcategories&post=551"},{"taxonomy":"post_tag","embeddable":true,"href":"https:\/\/eaf-pfalz.de\/index.php?rest_route=%2Fwp%2Fv2%2Ftags&post=551"}],"curies":[{"name":"wp","href":"https:\/\/api.w.org\/{rel}","templated":true}]}}