{"id":576,"date":"2024-02-20T11:31:11","date_gmt":"2024-02-20T11:31:11","guid":{"rendered":"https:\/\/eaf-pfalz.de\/?p=576"},"modified":"2024-02-20T11:31:13","modified_gmt":"2024-02-20T11:31:13","slug":"fachtag-ki-im-bildungswesen-moeglichkeiten-und-grenzen","status":"publish","type":"post","link":"https:\/\/eaf-pfalz.de\/?p=576","title":{"rendered":"Fachtag: KI im Bildungswesen \u2013 M\u00f6glichkeiten und Grenzen"},"content":{"rendered":"\n<p>Fachtag der eaf bayern am 13.06.24<\/p>\n\n\n\n<p>Die fortschreitende Digitalisierung ist zum festen Bestandteil unserer Lebens-, Berufs- und Arbeitswelt geworden. Dies f\u00fchrt zu einem stetigen Wandel im Alltag und Arbeitswelt und schafft neue Herausforderungen gerade auch im Bildungswesen.<\/p>\n\n\n\n<p>Welche M\u00f6glichkeiten bieten die neuen, sich schnell entwickelnden Technologien und wo liegen ihre m\u00f6glichen Grenzen oder wer setzt diese?<\/p>\n\n\n\n<p>Der <strong>Fachtag der eaf bayern am 13.06.2024<\/strong> unter dem Motto <strong>\u201eKI im Bildungswesen \u2013 M\u00f6glichkeiten und Grenzen\u201c <\/strong>m\u00f6chte diesen Fragen nachgehen und dabei \u00fcber die aktuellen digitalen Werkzeuge und Tools informieren.<\/p>\n\n\n\n<p>Die Teilnehmenden haben Gelegenheit an verschiedenen Stationen die Einsatzm\u00f6glichkeiten von KI-Technologien auszuprobieren und dabei die Potenziale f\u00fcr den eigenen Arbeitsbereich abzuw\u00e4gen.<\/p>\n\n\n\n<p>Die Einladung mit einer Anmeldm\u00f6glichkeit erfolgt zeitnah zum Termin. <br>Weitere Infos unter <a href=\"https:\/\/www.eaf-bayern.de\">https:\/\/www.eaf-bayern.de<\/a><\/p>\n\n\n\n<p><\/p>\n\n\n\n<p><\/p>\n","protected":false},"excerpt":{"rendered":"<p>Fachtag der eaf bayern am 13.06.2024<\/p>\n","protected":false},"author":1,"featured_media":578,"comment_status":"closed","ping_status":"open","sticky":false,"template":"","format":"standard","meta":{"colormag_page_container_layout":"default_layout","colormag_page_sidebar_layout":"default_layout","footnotes":""},"categories":[33,7],"tags":[32],"class_list":["post-576","post","type-post","status-publish","format-standard","has-post-thumbnail","hentry","category-fachtag","category-veranstaltung","tag-fachtag"],"_links":{"self":[{"href":"https:\/\/eaf-pfalz.de\/index.php?rest_route=\/wp\/v2\/posts\/576","targetHints":{"allow":["GET"]}}],"collection":[{"href":"https:\/\/eaf-pfalz.de\/index.php?rest_route=\/wp\/v2\/posts"}],"about":[{"href":"https:\/\/eaf-pfalz.de\/index.php?rest_route=\/wp\/v2\/types\/post"}],"author":[{"embeddable":true,"href":"https:\/\/eaf-pfalz.de\/index.php?rest_route=\/wp\/v2\/users\/1"}],"replies":[{"embeddable":true,"href":"https:\/\/eaf-pfalz.de\/index.php?rest_route=%2Fwp%2Fv2%2Fcomments&post=576"}],"version-history":[{"count":2,"href":"https:\/\/eaf-pfalz.de\/index.php?rest_route=\/wp\/v2\/posts\/576\/revisions"}],"predecessor-version":[{"id":580,"href":"https:\/\/eaf-pfalz.de\/index.php?rest_route=\/wp\/v2\/posts\/576\/revisions\/580"}],"wp:featuredmedia":[{"embeddable":true,"href":"https:\/\/eaf-pfalz.de\/index.php?rest_route=\/wp\/v2\/media\/578"}],"wp:attachment":[{"href":"https:\/\/eaf-pfalz.de\/index.php?rest_route=%2Fwp%2Fv2%2Fmedia&parent=576"}],"wp:term":[{"taxonomy":"category","embeddable":true,"href":"https:\/\/eaf-pfalz.de\/index.php?rest_route=%2Fwp%2Fv2%2Fcategories&post=576"},{"taxonomy":"post_tag","embeddable":true,"href":"https:\/\/eaf-pfalz.de\/index.php?rest_route=%2Fwp%2Fv2%2Ftags&post=576"}],"curies":[{"name":"wp","href":"https:\/\/api.w.org\/{rel}","templated":true}]}}