{"id":586,"date":"2024-02-20T10:55:39","date_gmt":"2024-02-20T10:55:39","guid":{"rendered":"https:\/\/eaf-pfalz.de\/?p=586"},"modified":"2024-02-26T11:00:15","modified_gmt":"2024-02-26T11:00:15","slug":"equal-care-day-am-29-02-2024","status":"publish","type":"post","link":"https:\/\/eaf-pfalz.de\/?p=586","title":{"rendered":"Equal Care Day am 29.02.2024"},"content":{"rendered":"\n<p>Herzliche Einladung zum Equal Care Day am 29.02.2024 von 10.00- 16.00 Uhr nach N\u00fcrnberg in den Lorenzer Pfarrhof <\/p>\n\n\n\n<p>Care in vielf\u00e4ltigen Facetten zeigt das bundesweite Equal-Care-Day Festival am 29. Februar 2024 auf. <br>Es sammelt als St\u00e4dtekonferenz Akteur:innen, Engagierte, Verb\u00e4nde und Initiativen um sich. Erstmals wird Bayern und N\u00fcrnberg dabei sein. <br>Neu ist au\u00dferdem eine Perspektive aus evangelischer Sicht, die von Prof. Dr. Christine Globig eingetragen wird: &#8222;Realit\u00e4ten der Abh\u00e4ngigkeit. F\u00fcrsorge als ethisches Paradigma&#8220;. <br>Eine anschlie\u00dfende Diskussion tr\u00e4gt verschiedene Perspektiven zusammen und richtet den Fokus beispielsweise auf Ehrenamt oder Mental Load in Familien. Wie wichtig Care-Arbeit ist und wie gro\u00df die Care-Krise, kann nur multiperspektivisch sichtbar werden. Michaela Wachsmuth vom Frauenwerk Stein e.V. ist eine der Podiumsg\u00e4ste, die aus der Praxis u.a. mit dem Ansprechpartner f\u00fcr M\u00e4nner der Gleichstellungsstelle der Stadt N\u00fcrnberg Matthias Becker und Miriam Rombs als Ehrenamtskoordinatorin aus M\u00fcnchen diskutieren wird. Doch, was tun, wenn die strukturellen Voraussetzungen nicht gegeben sind und \u00dcberlastung vorprogrammiert ist? Diese und weitere Herausforderungen diskutieren die G\u00e4ste mit Journalistin Kristina Weber vom Bayerischen Rundfunk. Marktst\u00e4nde geben Einblick in Praxisfelder wie z. B. das Familienhaus Lauf oder der Oma.Opa.Service in M\u00fcnchen und regen zum Austausch an. <\/p>\n\n\n\n<p>Die Veranstaltung im Lorenzer Hof in N\u00fcrnberg besteht aus drei Elementen: <br>1. Pr\u00e4senz-Veranstaltung <br>2. Livestream der B\u00fchne N\u00fcrnberg auf der internationalen Care-Landschaft <br>3. Public Viewing Salon <\/p>\n\n\n\n<p>Wenn Sie mehr erfahren wollen, finden Sie auf der Seite des Evangelischen B\u00fcndnis Care<a href=\"https:\/\/afg-elkb.de\/themen\/care\/\">&lt;https:\/\/afg-elkb.de\/themen\/care\/><\/a> Informationen.<\/p>\n\n\n\n<p>Wir freuen uns auf Ihre Anmeldung unter folgendem Link oder per Mail an <a href=\"mailto:forum-familie@elkb.de\">forum-familie@elkb.de&lt;mailto:forum-familie@elkb.de><\/a><\/p>\n\n\n\n<p>Anmeldelink<br><a href=\"https:\/\/afg-elkb.de\/fortbildung-veranstaltungen\/veranstaltungsdetails\/care-geht-uns-an-wer-hilft-und-was-hilft-damit-wir-es-schaffen-722\/?cHash=c7a1ca6dd787f4d29c949ff1e2c9c57a\">https:\/\/afg-elkb.de\/fortbildung-veranstaltungen\/veranstaltungsdetails\/care-geht-uns-an-wer-hilft-und-was-hilft-damit-wir-es-schaffen-722\/?cHash=c7a1ca6dd787f4d29c949ff1e2c9c57a<\/a><\/p>\n","protected":false},"excerpt":{"rendered":"<p>Herzliche Einladung zum Equal Care Day am 29.02.2024 von 10.00- 16.00 Uhr nach N\u00fcrnberg in den Lorenzer Pfarrhof Care in<\/p>\n","protected":false},"author":1,"featured_media":588,"comment_status":"closed","ping_status":"open","sticky":false,"template":"","format":"standard","meta":{"colormag_page_container_layout":"default_layout","colormag_page_sidebar_layout":"default_layout","footnotes":""},"categories":[7],"tags":[81],"class_list":["post-586","post","type-post","status-publish","format-standard","has-post-thumbnail","hentry","category-veranstaltung","tag-care"],"_links":{"self":[{"href":"https:\/\/eaf-pfalz.de\/index.php?rest_route=\/wp\/v2\/posts\/586","targetHints":{"allow":["GET"]}}],"collection":[{"href":"https:\/\/eaf-pfalz.de\/index.php?rest_route=\/wp\/v2\/posts"}],"about":[{"href":"https:\/\/eaf-pfalz.de\/index.php?rest_route=\/wp\/v2\/types\/post"}],"author":[{"embeddable":true,"href":"https:\/\/eaf-pfalz.de\/index.php?rest_route=\/wp\/v2\/users\/1"}],"replies":[{"embeddable":true,"href":"https:\/\/eaf-pfalz.de\/index.php?rest_route=%2Fwp%2Fv2%2Fcomments&post=586"}],"version-history":[{"count":2,"href":"https:\/\/eaf-pfalz.de\/index.php?rest_route=\/wp\/v2\/posts\/586\/revisions"}],"predecessor-version":[{"id":589,"href":"https:\/\/eaf-pfalz.de\/index.php?rest_route=\/wp\/v2\/posts\/586\/revisions\/589"}],"wp:featuredmedia":[{"embeddable":true,"href":"https:\/\/eaf-pfalz.de\/index.php?rest_route=\/wp\/v2\/media\/588"}],"wp:attachment":[{"href":"https:\/\/eaf-pfalz.de\/index.php?rest_route=%2Fwp%2Fv2%2Fmedia&parent=586"}],"wp:term":[{"taxonomy":"category","embeddable":true,"href":"https:\/\/eaf-pfalz.de\/index.php?rest_route=%2Fwp%2Fv2%2Fcategories&post=586"},{"taxonomy":"post_tag","embeddable":true,"href":"https:\/\/eaf-pfalz.de\/index.php?rest_route=%2Fwp%2Fv2%2Ftags&post=586"}],"curies":[{"name":"wp","href":"https:\/\/api.w.org\/{rel}","templated":true}]}}