{"id":591,"date":"2024-03-26T20:28:00","date_gmt":"2024-03-26T20:28:00","guid":{"rendered":"https:\/\/eaf-pfalz.de\/?p=591"},"modified":"2024-03-26T20:29:04","modified_gmt":"2024-03-26T20:29:04","slug":"digitale-dialogveranstaltung-elternbegleitung-360-wir-setzen-auf-dialog","status":"publish","type":"post","link":"https:\/\/eaf-pfalz.de\/?p=591","title":{"rendered":"DIGITALE DIALOGVERANSTALTUNG: \u201eELTERNBEGLEITUNG 360\u00b0 \u2013 WIR SETZEN AUF DIALOG!\u201c"},"content":{"rendered":"\n<p>SAVE THE DATE: Am 05.06.2024 \u00fcber die Online-Plattform ZOOM<\/p>\n\n\n\n<p>Mit u.a. einer Key-Note von Susanne Mierau * Autorin, Bloggerin, Kleinkindp\u00e4dagogin und Familienbegleiterin *<\/p>\n\n\n\n<p>Auf dem Programm stehen neben spannenden Impulsen von Expert:innen auch 12 Workshops, in denen Fachkr\u00e4fte zu unterschiedlichen Themen miteinander in den Austausch kommen und gemeinsam L\u00f6sungsans\u00e4tze entwickeln k\u00f6nnen.<\/p>\n\n\n\n<p>Ein detaillierter Ablaufplan wird derzeit erarbeitet und geht Ihnen zeitnah zu * Die Teilnahme ist kostenfrei *<\/p>\n\n\n\n<p>Wir freuen uns auf spannende Impulse und einen bereichernden Austausch,<\/p>\n\n\n\n<p>mit besten Gr\u00fc\u00dfen und W\u00fcnschen f\u00fcr ein sch\u00f6nes Osterfest<\/p>\n\n\n\n<p>Gisela Tesch<\/p>\n\n\n\n<p>Koordinatorin Bundesprojekt \u201eVerstetigung und Qualit\u00e4tssicherung Elternbegleitung\u201c f\u00fcr die evangelischen Verb\u00e4nde eaf und EEB<\/p>\n","protected":false},"excerpt":{"rendered":"<p>SAVE THE DATE: Am 05.06.2024 \u00fcber die Online-Plattform ZOOM Mit u.a. einer Key-Note von Susanne Mierau * Autorin, Bloggerin, Kleinkindp\u00e4dagogin<\/p>\n","protected":false},"author":1,"featured_media":213,"comment_status":"closed","ping_status":"open","sticky":false,"template":"","format":"standard","meta":{"colormag_page_container_layout":"default_layout","colormag_page_sidebar_layout":"default_layout","footnotes":""},"categories":[13,27,7],"tags":[],"class_list":["post-591","post","type-post","status-publish","format-standard","has-post-thumbnail","hentry","category-digital","category-online","category-veranstaltung"],"_links":{"self":[{"href":"https:\/\/eaf-pfalz.de\/index.php?rest_route=\/wp\/v2\/posts\/591","targetHints":{"allow":["GET"]}}],"collection":[{"href":"https:\/\/eaf-pfalz.de\/index.php?rest_route=\/wp\/v2\/posts"}],"about":[{"href":"https:\/\/eaf-pfalz.de\/index.php?rest_route=\/wp\/v2\/types\/post"}],"author":[{"embeddable":true,"href":"https:\/\/eaf-pfalz.de\/index.php?rest_route=\/wp\/v2\/users\/1"}],"replies":[{"embeddable":true,"href":"https:\/\/eaf-pfalz.de\/index.php?rest_route=%2Fwp%2Fv2%2Fcomments&post=591"}],"version-history":[{"count":1,"href":"https:\/\/eaf-pfalz.de\/index.php?rest_route=\/wp\/v2\/posts\/591\/revisions"}],"predecessor-version":[{"id":592,"href":"https:\/\/eaf-pfalz.de\/index.php?rest_route=\/wp\/v2\/posts\/591\/revisions\/592"}],"wp:featuredmedia":[{"embeddable":true,"href":"https:\/\/eaf-pfalz.de\/index.php?rest_route=\/wp\/v2\/media\/213"}],"wp:attachment":[{"href":"https:\/\/eaf-pfalz.de\/index.php?rest_route=%2Fwp%2Fv2%2Fmedia&parent=591"}],"wp:term":[{"taxonomy":"category","embeddable":true,"href":"https:\/\/eaf-pfalz.de\/index.php?rest_route=%2Fwp%2Fv2%2Fcategories&post=591"},{"taxonomy":"post_tag","embeddable":true,"href":"https:\/\/eaf-pfalz.de\/index.php?rest_route=%2Fwp%2Fv2%2Ftags&post=591"}],"curies":[{"name":"wp","href":"https:\/\/api.w.org\/{rel}","templated":true}]}}