{"id":594,"date":"2024-05-16T20:17:52","date_gmt":"2024-05-16T20:17:52","guid":{"rendered":"https:\/\/eaf-pfalz.de\/?p=594"},"modified":"2024-05-16T20:17:53","modified_gmt":"2024-05-16T20:17:53","slug":"in-den-familien-von-heute-wachsen-die-klimaschuetzerinnen-von-morgen-auf","status":"publish","type":"post","link":"https:\/\/eaf-pfalz.de\/?p=594","title":{"rendered":"In den Familien von heute wachsen die Klimasch\u00fctzer:innen von morgen auf"},"content":{"rendered":"\n<p><strong>Prof. Dr. Martin Bujard bei United Nations Expertengruppe zu Familie und Klima in New York<\/strong><\/p>\n\n\n\n<p><strong>Pressemitteilung vom 16.05.24<\/strong><\/p>\n\n\n\n<p><strong>Berlin.<\/strong> Anl\u00e4sslich des 30-j\u00e4hrigen Jubil\u00e4ums des \u201eInternationalen Jahres des Familie\u201c referierte Prof. Dr. Martin Bujard, Forschungsdirektor am Bundesinstituts f\u00fcr Bev\u00f6lkerungsforschung (BiB), am 15.\u00a0Mai 2024 auf Einladung des Director of the Population Division der UN bei einem Expert:innentreffen \u00fcber die Rolle von Familien f\u00fcr die zuk\u00fcnftige Klimaschutzpolitik.<\/p>\n\n\n\n<p>Bujard, ehrenamtlicher Pr\u00e4sident der evangelischen arbeitsgemeinschaft familie (eaf), betonte darin die Vorreiterrolle von Familien und der jungen Generation beim Schutz des Klimas und bei der Bek\u00e4mpfung der Folgen des Klimawandels: \u201eEs ist viel zu kurz gedacht, Familien als ressourcenverbrauchende Personengruppe und gar als Treiber des Klimawandels zu betrachten. Wer soll denn zuk\u00fcnftig den Klimaschutz voranbringen, wer technische Innovationen zur Bew\u00e4ltigung der Folgen des Klimawandels ersinnen, wenn nicht die heranwachsende Generation? In den Familien von heute wachsen die Klimasch\u00fctzer:innen von morgen auf. Also m\u00fcssen wir, m\u00fcssen Politik, Gesellschaft und Forschung daf\u00fcr sorgen, dass Kinder in ihren Familien weltweit beste Bedingungen f\u00fcr ein gesundes Aufwachsen und Zugang zu hervor\u00adragender Bildung vorfinden.\u201c<\/p>\n\n\n\n<p>Die eaf hatte sich bereits im vergangenen Jahr im Rahmen einer Fachtagung intensiv mit dem Thema \u201eKlimapolitik f\u00fcr und mit Familien\u201c auseinandergesetzt. Die deutliche Forderung des familienpolitischen Verbandes: Familienpolitik und Klimapolitik m\u00fcssen stets zusammen gedacht werden. F\u00fcr die eaf ist klar: \u201eAls evangelischer familienpolitischer Verband haben wir eine Doppelrolle: Zum einen nehmen wir die gesellschaftliche Herausforderung an und fordern die Bundesregierung auf, klimapolitische Ma\u00dfnahmen immer auch daraufhin zu \u00fcberpr\u00fcfen, welche Auswirkungen sie auf Familien haben. Zum anderen ist es unsere Aufgabe, gegen\u00fcber Kirche und Politik die Rolle von Familien als aktive Gestalterinnen einer klimagerechten Gesellschaft deutlich zu machen und sie dabei zu unterst\u00fctzen\u201c, so Bujard.<\/p>\n\n\n\n<p><strong>Ansprechpartnerin: Konstanze Hartmann-Boudol, E-Mail:<\/strong> <a href=\"mailto:Hartmann-Boudol@eaf-bund.de\">Hartmann-Boudol@eaf-bund.de<\/a><\/p>\n\n\n\n<p><em>Die <strong>evangelische arbeitsgemeinschaft familie e. V. (eaf<\/strong>) ist der familienpolitische Dachverband in der Evangelischen Kirche in Deutschland (EKD). Die Interessen der Evangelischen Familienbildung werden in der eaf vom <strong>Forum Familienbildung <\/strong>vertreten.<\/em><\/p>\n","protected":false},"excerpt":{"rendered":"<p>Prof. Dr. Martin Bujard bei United Nations Expertengruppe zu Familie und Klima in New York Pressemitteilung vom 16.05.24 Berlin. Anl\u00e4sslich<\/p>\n","protected":false},"author":1,"featured_media":596,"comment_status":"closed","ping_status":"open","sticky":false,"template":"","format":"standard","meta":{"colormag_page_container_layout":"default_layout","colormag_page_sidebar_layout":"default_layout","footnotes":""},"categories":[6,5],"tags":[10,82],"class_list":["post-594","post","type-post","status-publish","format-standard","has-post-thumbnail","hentry","category-eaf-bund","category-pressemitteilung","tag-familie","tag-klimaschutz"],"_links":{"self":[{"href":"https:\/\/eaf-pfalz.de\/index.php?rest_route=\/wp\/v2\/posts\/594","targetHints":{"allow":["GET"]}}],"collection":[{"href":"https:\/\/eaf-pfalz.de\/index.php?rest_route=\/wp\/v2\/posts"}],"about":[{"href":"https:\/\/eaf-pfalz.de\/index.php?rest_route=\/wp\/v2\/types\/post"}],"author":[{"embeddable":true,"href":"https:\/\/eaf-pfalz.de\/index.php?rest_route=\/wp\/v2\/users\/1"}],"replies":[{"embeddable":true,"href":"https:\/\/eaf-pfalz.de\/index.php?rest_route=%2Fwp%2Fv2%2Fcomments&post=594"}],"version-history":[{"count":2,"href":"https:\/\/eaf-pfalz.de\/index.php?rest_route=\/wp\/v2\/posts\/594\/revisions"}],"predecessor-version":[{"id":597,"href":"https:\/\/eaf-pfalz.de\/index.php?rest_route=\/wp\/v2\/posts\/594\/revisions\/597"}],"wp:featuredmedia":[{"embeddable":true,"href":"https:\/\/eaf-pfalz.de\/index.php?rest_route=\/wp\/v2\/media\/596"}],"wp:attachment":[{"href":"https:\/\/eaf-pfalz.de\/index.php?rest_route=%2Fwp%2Fv2%2Fmedia&parent=594"}],"wp:term":[{"taxonomy":"category","embeddable":true,"href":"https:\/\/eaf-pfalz.de\/index.php?rest_route=%2Fwp%2Fv2%2Fcategories&post=594"},{"taxonomy":"post_tag","embeddable":true,"href":"https:\/\/eaf-pfalz.de\/index.php?rest_route=%2Fwp%2Fv2%2Ftags&post=594"}],"curies":[{"name":"wp","href":"https:\/\/api.w.org\/{rel}","templated":true}]}}