{"id":612,"date":"2024-06-03T10:04:52","date_gmt":"2024-06-03T10:04:52","guid":{"rendered":"https:\/\/eaf-pfalz.de\/?p=612"},"modified":"2024-06-03T10:04:54","modified_gmt":"2024-06-03T10:04:54","slug":"online-vereinbarkeit-kita-krise-mental-load-die-herausforderungen-des-elternseins-heute","status":"publish","type":"post","link":"https:\/\/eaf-pfalz.de\/?p=612","title":{"rendered":"Online: Vereinbarkeit, Kita-Krise, Mental Load: Die Herausforderungen des Elternseins heute"},"content":{"rendered":"\n<p>Herzliche Einladung zur Abendveranstaltung &#8222;<strong>Vereinbarkeit, Kita-Krise, Mental Load: Die Herausforderungen des Elternseins heute&#8220; <\/strong>am <strong>18. Juni 2024 <\/strong>von<strong> 19:30 &#8211; 21:30 Uhr <\/strong>via ZOOM ein.<\/p>\n\n\n\n<p>Wir freuen uns auf einen anregenden Abend <strong>mit der Journalistin<\/strong> <strong>Nathalie Kl\u00fcver<\/strong>. Sie schreibt \u00fcber die Themen Vereinbarkeit, modernes Elternsein, Kinderrechte und Familienpolitik unter anderem f\u00fcr Spiegel, S\u00fcddeutsche Zeitung und Brigitte. Die Mutter von drei Kindern hat zu diesen Themen ebenfalls mehrere B\u00fccher (u. a. &#8222;Die Kunst, keine perfekte Mutter zu sein&#8220; oder &#8222;Deutschland, ein kinderfeindliches Land?&#8220;) herausgegeben, in denen sie eine Vision von einer kinderfreundlichen, sozialen Gesellschaft aufzeigt. <a href=\"https:\/\/www.nathalie-kluever.de\/\">https:\/\/www.nathalie-kluever.de\/<\/a><\/p>\n\n\n\n<p>Weitere Infos und Anmeldung unter: <br><a href=\"https:\/\/www.eaf-bund.de\/service\/veranstaltungen\/2024-06-18-vereinbarkeit-kita-krise-mental-load-die-herausforderungen-des\">https:\/\/www.eaf-bund.de\/service\/veranstaltungen\/2024-06-18-vereinbarkeit-kita-krise-mental-load-die-herausforderungen-des<\/a><\/p>\n","protected":false},"excerpt":{"rendered":"<p>Herzliche Einladung zur Abendveranstaltung &#8222;Vereinbarkeit, Kita-Krise, Mental Load: Die Herausforderungen des Elternseins heute&#8220; am 18. Juni 2024 von 19:30 &#8211;<\/p>\n","protected":false},"author":1,"featured_media":234,"comment_status":"closed","ping_status":"open","sticky":false,"template":"","format":"standard","meta":{"colormag_page_container_layout":"default_layout","colormag_page_sidebar_layout":"default_layout","footnotes":""},"categories":[6,23,51,27,7,84],"tags":[],"class_list":["post-612","post","type-post","status-publish","format-standard","has-post-thumbnail","hentry","category-eaf-bund","category-familienbildung","category-information","category-online","category-veranstaltung","category-webinar"],"_links":{"self":[{"href":"https:\/\/eaf-pfalz.de\/index.php?rest_route=\/wp\/v2\/posts\/612","targetHints":{"allow":["GET"]}}],"collection":[{"href":"https:\/\/eaf-pfalz.de\/index.php?rest_route=\/wp\/v2\/posts"}],"about":[{"href":"https:\/\/eaf-pfalz.de\/index.php?rest_route=\/wp\/v2\/types\/post"}],"author":[{"embeddable":true,"href":"https:\/\/eaf-pfalz.de\/index.php?rest_route=\/wp\/v2\/users\/1"}],"replies":[{"embeddable":true,"href":"https:\/\/eaf-pfalz.de\/index.php?rest_route=%2Fwp%2Fv2%2Fcomments&post=612"}],"version-history":[{"count":1,"href":"https:\/\/eaf-pfalz.de\/index.php?rest_route=\/wp\/v2\/posts\/612\/revisions"}],"predecessor-version":[{"id":613,"href":"https:\/\/eaf-pfalz.de\/index.php?rest_route=\/wp\/v2\/posts\/612\/revisions\/613"}],"wp:featuredmedia":[{"embeddable":true,"href":"https:\/\/eaf-pfalz.de\/index.php?rest_route=\/wp\/v2\/media\/234"}],"wp:attachment":[{"href":"https:\/\/eaf-pfalz.de\/index.php?rest_route=%2Fwp%2Fv2%2Fmedia&parent=612"}],"wp:term":[{"taxonomy":"category","embeddable":true,"href":"https:\/\/eaf-pfalz.de\/index.php?rest_route=%2Fwp%2Fv2%2Fcategories&post=612"},{"taxonomy":"post_tag","embeddable":true,"href":"https:\/\/eaf-pfalz.de\/index.php?rest_route=%2Fwp%2Fv2%2Ftags&post=612"}],"curies":[{"name":"wp","href":"https:\/\/api.w.org\/{rel}","templated":true}]}}