{"id":615,"date":"2024-06-07T07:58:00","date_gmt":"2024-06-07T07:58:00","guid":{"rendered":"https:\/\/eaf-pfalz.de\/?p=615"},"modified":"2024-06-11T21:21:33","modified_gmt":"2024-06-11T21:21:33","slug":"familienorganisationen-luecke-zwischen-kindergeld-und-kinderfreibetrag-schliessen","status":"publish","type":"post","link":"https:\/\/eaf-pfalz.de\/?p=615","title":{"rendered":"Familienorganisationen: L\u00fccke zwischen Kindergeld und Kinderfreibetrag schlie\u00dfen"},"content":{"rendered":"\n<p><strong>Pressemitteilung der AGF vom 07. Juni 2024<\/strong><\/p>\n\n\n\n<p>Berlin. In der Diskussion um weitere Erh\u00f6hung des steuerlichen Kinderfreibetrags f\u00fcr das Jahr 2024 ohne eine gleichzeitige Anhebung des Kindergeldes fordern Familienorganisationen, die L\u00fccke zwischen Kindergeld und Entlastungswirkung des Kinderfreibetrags zu schlie\u00dfen. Damit soll dem Ziel n\u00e4her gekommen werden, die gleiche finanzielle Wertsch\u00e4tzung aller Kinder zu erreichen.<\/p>\n\n\n\n<p>\u201eSchon lange kritisieren wir die ungleichen finanziellen Entlastungseffekte durch Kinderfreibetr\u00e4ge und Kindergeld. Die Kinderfreibetr\u00e4ge sollen 2024 nun ein zweites Mal angehoben werden, ohne eine entsprechende Erh\u00f6hung beim Kindergeld vorzunehmen. Um Familien mit kleinen und mittleren Einkommen bei dieser Erh\u00f6hung nicht leer ausgehen zu lassen\u201c, erkl\u00e4ren die Mitglieder der Arbeitsgemeinschaft der dt. Familienorganisationen, \u201emuss das Kindergeld schnellstm\u00f6glich an die maximale steuerliche Entlastungswirkung der Kinderfreibetr\u00e4ge angepasst werden.\u201c<\/p>\n\n\n\n<p>Im Inflationsausgleichsgesetz, das Ende 2022 beschlossen wurde, wurde sowohl das Kindergeld als auch die steuerlichen Kinderfreibetr\u00e4ge angehoben: Die H\u00f6he des Kindergeldes ist dadurch 2023 auf 250 Euro angestiegen, etwas st\u00e4rker als gew\u00f6hnlich, um Familien von der hohen Inflation und den angestiegenen Energiepreisen zu entlasten. Die L\u00fccke zwischen der maximalen steuerlichen Entlastung des Kinderfreibetrags und der H\u00f6he des Kindergeldes ist dadurch im Jahr 2023 etwas reduziert worden, weil die Kinderfreibetr\u00e4ge lediglich auf maximal 6.024 Euro bzw. 3.012 Euro je Elternteil anstiegen. Diese L\u00fccke vergr\u00f6\u00dferte sich wieder, als sich, wie ebenfalls bereits im Inflationsausgleichsgesetz vorgesehen, die Kinderfreibetr\u00e4ge 2024 auf 6.384 bzw. 3.192 Euro erh\u00f6hten.<\/p>\n\n\n\n<p>Nun plant Finanzminister Christian Lindner den Kinderfreibetrag r\u00fcckwirkend zum 1. Januar 2024 nochmals anzuheben, auf dann 6.612 bzw. 3.306 Euro. Gleichzeitig lehnt er jedoch eine Erh\u00f6hung des Kindergeldes mit Hinweis auf die 2023 durchgef\u00fchrte Erh\u00f6hung auf 250 Euro ab.<\/p>\n\n\n\n<p>Seit das Bundesverfassungsgericht 1990 entschieden hat, dass das Existenzminimum von Kindern von der Einkommensbesteuerung freizustellen ist, wird diese Vorgabe mit dem Kinderfreibetrag in der Steuer bzw. f\u00fcr die Mehrzahl der Familien im Rahmen des Kindergeldes umgesetzt. Dieses duale System aus Kinderfreibetr\u00e4gen und Kindergeld steht in der Kritik, da es unterschiedlich hohe Entlastungs- bzw. F\u00f6rderwirkungen hat. Im Nebeneinanderbestehen von Kinderfreibetrag und Kindergeld m\u00fcssen nach Ansicht der AGF verschiedene Ziele miteinander in \u00dcbereinstimmung gebracht werden: zum einen die verfassungsrechtlichen Vorgaben der Freistellung des kindlichen Existenzminimums bei der Besteuerung des Elterneinkommens. Wenn Steuerpflichtige gleiche Einkommensh\u00f6hen haben, m\u00fcssen bei Eltern mit Kindern die Einschr\u00e4nkungen der steuerlichen Leistungsf\u00e4higkeit ber\u00fccksichtigt werden. Zum anderen aber sollten Kinder aus Familien mit niedrigen und durchschnittlichen Einkommen nicht benachteiligt werden.<\/p>\n\n\n\n<p>\u201eDie Reduzierung der Kluft zwischen der maximalen steuerlichen Entlastung des Freibetrags und der H\u00f6he des Kindergeldes muss konsequent vorangetrieben werden, denn hier gibt es eine Gerechtigkeitsl\u00fccke, die dringend geschlossen werden muss, anstatt sie weiter zu \u00f6ffnen\u201c, so die Verb\u00e4nde. Zudem m\u00fcssten die Regelungen zu den Anrechnungen beim Unterhaltsvorschuss und beim SBG II angepasst werden, da ansonsten viele Alleinerziehende und viele Familien im SGB II Bezug nicht profitieren. Abhilfe k\u00f6nnte hier die lange geforderte und bereits angek\u00fcndigte Neuberechnung des kindlichen Existenzminimums mit entsprechenden Anpassungen der Anrechnungsregeln schaffen.<\/p>\n","protected":false},"excerpt":{"rendered":"<p>Pressemitteilung der AGF vom 07. Juni 2024 Berlin. In der Diskussion um weitere Erh\u00f6hung des steuerlichen Kinderfreibetrags f\u00fcr das Jahr<\/p>\n","protected":false},"author":1,"featured_media":618,"comment_status":"closed","ping_status":"open","sticky":false,"template":"","format":"standard","meta":{"colormag_page_container_layout":"default_layout","colormag_page_sidebar_layout":"default_layout","footnotes":""},"categories":[86,87,5],"tags":[],"class_list":["post-615","post","type-post","status-publish","format-standard","has-post-thumbnail","hentry","category-agf","category-finanzen","category-pressemitteilung"],"_links":{"self":[{"href":"https:\/\/eaf-pfalz.de\/index.php?rest_route=\/wp\/v2\/posts\/615","targetHints":{"allow":["GET"]}}],"collection":[{"href":"https:\/\/eaf-pfalz.de\/index.php?rest_route=\/wp\/v2\/posts"}],"about":[{"href":"https:\/\/eaf-pfalz.de\/index.php?rest_route=\/wp\/v2\/types\/post"}],"author":[{"embeddable":true,"href":"https:\/\/eaf-pfalz.de\/index.php?rest_route=\/wp\/v2\/users\/1"}],"replies":[{"embeddable":true,"href":"https:\/\/eaf-pfalz.de\/index.php?rest_route=%2Fwp%2Fv2%2Fcomments&post=615"}],"version-history":[{"count":3,"href":"https:\/\/eaf-pfalz.de\/index.php?rest_route=\/wp\/v2\/posts\/615\/revisions"}],"predecessor-version":[{"id":619,"href":"https:\/\/eaf-pfalz.de\/index.php?rest_route=\/wp\/v2\/posts\/615\/revisions\/619"}],"wp:featuredmedia":[{"embeddable":true,"href":"https:\/\/eaf-pfalz.de\/index.php?rest_route=\/wp\/v2\/media\/618"}],"wp:attachment":[{"href":"https:\/\/eaf-pfalz.de\/index.php?rest_route=%2Fwp%2Fv2%2Fmedia&parent=615"}],"wp:term":[{"taxonomy":"category","embeddable":true,"href":"https:\/\/eaf-pfalz.de\/index.php?rest_route=%2Fwp%2Fv2%2Fcategories&post=615"},{"taxonomy":"post_tag","embeddable":true,"href":"https:\/\/eaf-pfalz.de\/index.php?rest_route=%2Fwp%2Fv2%2Ftags&post=615"}],"curies":[{"name":"wp","href":"https:\/\/api.w.org\/{rel}","templated":true}]}}