{"id":633,"date":"2024-07-24T12:17:06","date_gmt":"2024-07-24T12:17:06","guid":{"rendered":"https:\/\/eaf-pfalz.de\/?p=633"},"modified":"2024-07-25T12:19:40","modified_gmt":"2024-07-25T12:19:40","slug":"fachgespraech-die-ganztagsgrundschule-als-lebensort-kinder-sagen-was-sie-brauchen","status":"publish","type":"post","link":"https:\/\/eaf-pfalz.de\/?p=633","title":{"rendered":"FACHGESPR\u00c4CH: DIE GANZTAGSGRUNDSCHULE ALS LEBENSORT \u2013 KINDER SAGEN, WAS SIE BRAUCHEN!"},"content":{"rendered":"\n<p>Mit diesem hochaktuellen Schwerpunktthema setzt die Arbeitsgemeinschaft der Familienorganisationen in Rheinland-Pfalz ihre Reihe der j\u00e4hrlichen Fachgespr\u00e4che fort. <br>Welche W\u00fcnsche \u00e4u\u00dfern unsere Kinder, was brauchen sie? Welchen Stellenwert r\u00e4umen wir dem ein, was die Kinder zum Thema zu sagen haben? Wie werden die Bed\u00fcrfnisse von Kindern bei der Umsetzung des Ganztagsf\u00f6rderungsgesetzes ber\u00fccksichtigt?<br>Frau Prof. Dr. Nentwig-Gesemann von der Uni Bozen wird uns in ihrem Vortrag ihre Forschungsergebnisse zum Ganztag aus der Perspektive von Grundschulkindern vorstellen. F\u00fcr die AGF pr\u00e4sentiert Katalin Farkas im Anschluss daran die Ergebnisse der von ihr durchgef\u00fchrten Malinterviews mit Grundschulkindern aus Rheinland-Pfalz. Unsere Ausstellung der Kinderzeichnungen illustriert die wissenschaftlichen Erkenntnisse anschaulich.<br>Gemeinsam mit Expert*innen zum Thema und Vertreter*innen aller beteiligten Akteure wollen wir im Anschluss an die Vortr\u00e4ge mit unserem Fachpublikum die Sicht der Kinder als Qualit\u00e4tskriterium bei der Umsetzung des Rechtsanspruchs auf Ganztagsf\u00f6rderung in der Grundschule diskutieren.<\/p>\n\n\n\n<p>Freuen Sie sich auf eine spannende Veranstaltung mit interes- santen G\u00e4sten und hoffentlich neuen Erkenntnissen.<\/p>\n\n\n\n<p><strong>VERANSTALTER: AGF Rheinland-Pfalz <\/strong><br><strong>TAGUNGSORT: z-Quadrat Mainz<\/strong><br>Gro\u00dfe Langgasse 8<br>55 116 Mainz <a href=\"http:\/\/www.z-quadrat-mainz.de\">http:\/\/www.z-quadrat-mainz.de<\/a><\/p>\n\n\n\n<p><strong>DATUM: 04. September 2024 | 10.00 Uhr \u2013 14.00 Uhr<\/strong><\/p>\n\n\n\n<p><a href=\"https:\/\/agfrlp.wordpress.com\/aktuelles\/termine-veranstaltungen\/_wp_link_placeholder\"><strong>ANMELDUNG und FLYER<\/strong><\/a><\/p>\n\n\n\n<p>Bitte melden Sie sich mit Namen und Bezeichnung Ihrer Organisation an bis 29.08.2024 unter info@vamv-rlp.de Sie erhalten eine Anmeldebest\u00e4tigung per E-Mail und bei Bedarf eine schriftliche Teilnahmebest\u00e4tigung.<\/p>\n\n\n\n<p><strong>KONTAKT:<\/strong><\/p>\n\n\n\n<p>Verband Alleinerziehender M\u00fctter und V\u00e4ter, Landesverband Rheinland-Pfalz e.V. (VAMV)<br>Federf\u00fchrung AGF 2023\/24<br>Kaiserstr. 29, 55 116 Mainz, 06131 \/ 61 66 33, <br><a href=\"mailto:info@vamv-rlp.de\">info@vamv-rlp.de<\/a><\/p>\n","protected":false},"excerpt":{"rendered":"<p>Mit diesem hochaktuellen Schwerpunktthema setzt die Arbeitsgemeinschaft der Familienorganisationen in Rheinland-Pfalz ihre Reihe der j\u00e4hrlichen Fachgespr\u00e4che fort. Welche W\u00fcnsche \u00e4u\u00dfern<\/p>\n","protected":false},"author":1,"featured_media":634,"comment_status":"closed","ping_status":"open","sticky":false,"template":"","format":"standard","meta":{"colormag_page_container_layout":"default_layout","colormag_page_sidebar_layout":"default_layout","footnotes":""},"categories":[86,47,23,51,7],"tags":[],"class_list":["post-633","post","type-post","status-publish","format-standard","has-post-thumbnail","hentry","category-agf","category-eaf-pfalz","category-familienbildung","category-information","category-veranstaltung"],"_links":{"self":[{"href":"https:\/\/eaf-pfalz.de\/index.php?rest_route=\/wp\/v2\/posts\/633","targetHints":{"allow":["GET"]}}],"collection":[{"href":"https:\/\/eaf-pfalz.de\/index.php?rest_route=\/wp\/v2\/posts"}],"about":[{"href":"https:\/\/eaf-pfalz.de\/index.php?rest_route=\/wp\/v2\/types\/post"}],"author":[{"embeddable":true,"href":"https:\/\/eaf-pfalz.de\/index.php?rest_route=\/wp\/v2\/users\/1"}],"replies":[{"embeddable":true,"href":"https:\/\/eaf-pfalz.de\/index.php?rest_route=%2Fwp%2Fv2%2Fcomments&post=633"}],"version-history":[{"count":2,"href":"https:\/\/eaf-pfalz.de\/index.php?rest_route=\/wp\/v2\/posts\/633\/revisions"}],"predecessor-version":[{"id":637,"href":"https:\/\/eaf-pfalz.de\/index.php?rest_route=\/wp\/v2\/posts\/633\/revisions\/637"}],"wp:featuredmedia":[{"embeddable":true,"href":"https:\/\/eaf-pfalz.de\/index.php?rest_route=\/wp\/v2\/media\/634"}],"wp:attachment":[{"href":"https:\/\/eaf-pfalz.de\/index.php?rest_route=%2Fwp%2Fv2%2Fmedia&parent=633"}],"wp:term":[{"taxonomy":"category","embeddable":true,"href":"https:\/\/eaf-pfalz.de\/index.php?rest_route=%2Fwp%2Fv2%2Fcategories&post=633"},{"taxonomy":"post_tag","embeddable":true,"href":"https:\/\/eaf-pfalz.de\/index.php?rest_route=%2Fwp%2Fv2%2Ftags&post=633"}],"curies":[{"name":"wp","href":"https:\/\/api.w.org\/{rel}","templated":true}]}}